{"id":96280,"date":"2020-08-19T15:00:14","date_gmt":"2020-08-19T19:00:14","guid":{"rendered":"https:\/\/linitiative.ca\/International\/108817-football-le-stade-de-saida-baptise-jeudi-du-nom-de-said-amara\/"},"modified":"2020-08-19T15:00:14","modified_gmt":"2020-08-19T19:00:14","slug":"108817-football-le-stade-de-saida-baptise-jeudi-du-nom-de-said-amara","status":"publish","type":"post","link":"https:\/\/linitiative.ca\/International\/108817-football-le-stade-de-saida-baptise-jeudi-du-nom-de-said-amara\/","title":{"rendered":"Football: le stade de Sa\u00efda baptis\u00e9 jeudi du nom de Sa\u00efd Amara"},"content":{"rendered":"<p>Au cours d&rsquo;une c\u00e9r\u00e9monie pr\u00e9vue \u00e0 10h00, le ministre Sid Ali Khaldi sera accompagn\u00e9 du wali de Sa\u00efda Sa\u00efd Sayoud, ainsi que de Mohamed Maouche, ancien co\u00e9quipier du d\u00e9funt \u00e0 l&rsquo;\u00e9quipe du FLN, et membre du Bureau f\u00e9d\u00e9ral de la f\u00e9d\u00e9ration alg\u00e9rienne de football (FAF), pr\u00e9cise la m\u00eame source.<\/p>\n<p>Profitant de sa pr\u00e9sence sur place, le ministre de la Jeunesse et des Sports rencontrera des repr\u00e9sentants du mouvement associatif de la jeunesse de la wilaya de Sa\u00efda.<\/p>\n<hr\/>\n<h3>Lire aussi:\u00a0<a href=\"http:\/\/www.aps.dz\/sport\/108208-football-la-lfp-propose-de-baptiser-le-stade-de-saida-au-nom-de-said-amara\" target=\"_blank\" rel=\"noopener noreferrer\">La LFP propose de baptiser le stade de Sa\u00efda au nom de Sa\u00efd Amara<\/a><\/h3>\n<hr\/>\n<p>N\u00e9 le 11 mars 1933 \u00e0 Sa\u00efda (Ouest de l&rsquo;Alg\u00e9rie), Sa\u00efd Amara avait entam\u00e9 sa carri\u00e8re de joueur au Gaite club de Sa\u00efda (1951-1953), avant de rejoindre le SC Bel-Abb\u00e8s (1953-1956).<\/p>\n<p>Cet ancien milieu de terrain se fait conna\u00eetre au RC Strasbourg (France) durant la saison 1956-1957. Il a \u00e9t\u00e9 transf\u00e9r\u00e9 ensuite \u00e0 l&rsquo;AS B\u00e9ziers la saison suivante et y resta jusqu&rsquo;en 1960, ann\u00e9e qui le voit propuls\u00e9 sous les feux des projecteurs en rejoignant l&rsquo;\u00e9quipe du FLN.<\/p>\n<p>Ancien pr\u00e9sident de la FAF, Sa\u00efd Amara avait \u00e9t\u00e9 s\u00e9lectionneur de l&rsquo;\u00e9quipe nationale \u00e0 deux reprises, entre 1972 et 1974. En 1999, il d\u00e9cida de mettre fin \u00e0 sa carri\u00e8re d&rsquo;entra\u00eeneur apr\u00e8s avoir dirig\u00e9 pendant une saison la formation libyenne du Ahly Benghazi.<\/p>\n<p>Auteur:<br \/>\n<a href=\"http:\/\/www.aps.dz\/sport\/108817-football-le-stade-de-saida-baptise-jeudi-du-nom-de-said-amara?utm_source=feedburner&#038;utm_medium=feed&#038;utm_campaign=Feed%3A+aps-sport+%28APS+-+SPORT%29\">Cliquez ici pour lire l&rsquo;article depuis sa source.<\/a><\/p>\n","protected":false},"excerpt":{"rendered":"<p>Au cours d&rsquo;une c\u00e9r\u00e9monie pr\u00e9vue \u00e0 10h00, le ministre Sid Ali Khaldi sera accompagn\u00e9 du wali de Sa\u00efda Sa\u00efd Sayoud, ainsi que de Mohamed Maouche, ancien co\u00e9quipier du d\u00e9funt \u00e0 l&rsquo;\u00e9quipe du FLN, et membre du Bureau f\u00e9d\u00e9ral de la f\u00e9d\u00e9ration alg\u00e9rienne de football (FAF), pr\u00e9cise la m\u00eame source. Profitant de sa pr\u00e9sence sur place, [&hellip;]<\/p>\n","protected":false},"author":1790,"featured_media":0,"comment_status":"closed","ping_status":"closed","sticky":false,"template":"","format":"standard","meta":{"fifu_image_url":"","fifu_image_alt":"","footnotes":""},"categories":[53,75],"tags":[],"class_list":["post-96280","post","type-post","status-publish","format-standard","hentry","category-algerie","category-sport"],"_links":{"self":[{"href":"https:\/\/linitiative.ca\/International\/wp-json\/wp\/v2\/posts\/96280","targetHints":{"allow":["GET"]}}],"collection":[{"href":"https:\/\/linitiative.ca\/International\/wp-json\/wp\/v2\/posts"}],"about":[{"href":"https:\/\/linitiative.ca\/International\/wp-json\/wp\/v2\/types\/post"}],"author":[{"embeddable":true,"href":"https:\/\/linitiative.ca\/International\/wp-json\/wp\/v2\/users\/1790"}],"replies":[{"embeddable":true,"href":"https:\/\/linitiative.ca\/International\/wp-json\/wp\/v2\/comments?post=96280"}],"version-history":[{"count":0,"href":"https:\/\/linitiative.ca\/International\/wp-json\/wp\/v2\/posts\/96280\/revisions"}],"wp:attachment":[{"href":"https:\/\/linitiative.ca\/International\/wp-json\/wp\/v2\/media?parent=96280"}],"wp:term":[{"taxonomy":"category","embeddable":true,"href":"https:\/\/linitiative.ca\/International\/wp-json\/wp\/v2\/categories?post=96280"},{"taxonomy":"post_tag","embeddable":true,"href":"https:\/\/linitiative.ca\/International\/wp-json\/wp\/v2\/tags?post=96280"}],"curies":[{"name":"wp","href":"https:\/\/api.w.org\/{rel}","templated":true}]}}