{"id":96299,"date":"2020-08-20T15:45:49","date_gmt":"2020-08-20T19:45:49","guid":{"rendered":"https:\/\/linitiative.ca\/International\/revolution-du-roi-et-du-peuple-discours-royal-jeudi-20-aout-a-21h\/"},"modified":"2020-08-20T15:45:49","modified_gmt":"2020-08-20T19:45:49","slug":"revolution-du-roi-et-du-peuple-discours-royal-jeudi-20-aout-a-21h","status":"publish","type":"post","link":"https:\/\/linitiative.ca\/International\/revolution-du-roi-et-du-peuple-discours-royal-jeudi-20-aout-a-21h\/","title":{"rendered":"R\u00e9volution du Roi et du peuple: Discours royal jeudi 20 ao\u00fbt \u00e0 21H"},"content":{"rendered":"<p><strong>Sa Majest\u00e9 le Roi Mohammed VI adressera un discours \u00e0 la Nation \u00e0 l\u2019occasion du 67\u00e8me anniversaire de la R\u00e9volution du Roi et du peuple qui sera diffus\u00e9 sur les ondes de la radio et \u00e0 la t\u00e9l\u00e9vision, jeudi 20 ao\u00fbt 2020 \u00e0 21H00 (Minist\u00e8re de la Maison Royale, du Protocole et de la Chancellerie).<\/strong><\/p>\n<div class=\"vw-sticky-sidebar-wrapper vw-sticky-sidebar widget_text awac-wrapper widget_text awac widget custom_html-4 textwidget custom-html-widget\">\n<p class=\"has-background c11\"><span class=\"widget-title c10\">Tribune et D\u00e9bats<\/span><\/p>\n<p>La tribune qui vous parle d\u2019une actu, d\u2019un sujet qui fait d\u00e9bat, les traitent et les analysent. \u00c9conomistes et autres experts, patrons d\u2019entreprises, d\u00e9cideurs, acteurs de la soci\u00e9t\u00e9 civile, s\u2019y prononcent et contribuent \u00e0 sa grande richesse. Vous avez votre opinion, convergente ou diff\u00e9rente. Exprimez-la et mesurez-vous ainsi \u00e0 nos tribuns et d\u00e9batteurs.<\/p>\n<p>Envoyez vos analyses \u00e0 : <a href=\"\/cdn-cgi\/l\/email-protection#73101c1d0712100733101b121f1f161d14165d1e12\"><span class=\"__cf_email__\" data-cfemail=\"fc9f9392889d9f88bc9f949d909099929b99d2919d\">[email\u00a0protected]<\/span><\/a>, en pr\u00e9cisant votre nom, votre pr\u00e9nom et votre m\u00e9tier.<\/p>\n<\/div>\n<p>Auteur: challenge<br \/>\n<a href=\"https:\/\/www.challenge.ma\/revolution-du-roi-et-du-peuple-discours-royal-jeudi-20-aout-a-21h-153200\/\">Cliquez ici pour lire l&rsquo;article depuis sa source.<\/a><\/p>\n","protected":false},"excerpt":{"rendered":"<p>Sa Majest\u00e9 le Roi Mohammed VI adressera un discours \u00e0 la Nation \u00e0 l\u2019occasion du 67\u00e8me anniversaire de la R\u00e9volution du Roi et du peuple qui sera diffus\u00e9 sur les ondes de la radio et \u00e0 la t\u00e9l\u00e9vision, jeudi 20 ao\u00fbt 2020 \u00e0 21H00 (Minist\u00e8re de la Maison Royale, du Protocole et de la Chancellerie). [&hellip;]<\/p>\n","protected":false},"author":1787,"featured_media":0,"comment_status":"closed","ping_status":"closed","sticky":false,"template":"","format":"standard","meta":{"fifu_image_url":"","fifu_image_alt":"","footnotes":""},"categories":[78,54],"tags":[],"class_list":["post-96299","post","type-post","status-publish","format-standard","hentry","category-economie","category-maroc"],"_links":{"self":[{"href":"https:\/\/linitiative.ca\/International\/wp-json\/wp\/v2\/posts\/96299","targetHints":{"allow":["GET"]}}],"collection":[{"href":"https:\/\/linitiative.ca\/International\/wp-json\/wp\/v2\/posts"}],"about":[{"href":"https:\/\/linitiative.ca\/International\/wp-json\/wp\/v2\/types\/post"}],"author":[{"embeddable":true,"href":"https:\/\/linitiative.ca\/International\/wp-json\/wp\/v2\/users\/1787"}],"replies":[{"embeddable":true,"href":"https:\/\/linitiative.ca\/International\/wp-json\/wp\/v2\/comments?post=96299"}],"version-history":[{"count":0,"href":"https:\/\/linitiative.ca\/International\/wp-json\/wp\/v2\/posts\/96299\/revisions"}],"wp:attachment":[{"href":"https:\/\/linitiative.ca\/International\/wp-json\/wp\/v2\/media?parent=96299"}],"wp:term":[{"taxonomy":"category","embeddable":true,"href":"https:\/\/linitiative.ca\/International\/wp-json\/wp\/v2\/categories?post=96299"},{"taxonomy":"post_tag","embeddable":true,"href":"https:\/\/linitiative.ca\/International\/wp-json\/wp\/v2\/tags?post=96299"}],"curies":[{"name":"wp","href":"https:\/\/api.w.org\/{rel}","templated":true}]}}