{"id":96300,"date":"2020-08-20T16:41:41","date_gmt":"2020-08-20T20:41:41","guid":{"rendered":"https:\/\/linitiative.ca\/International\/discours-royal-un-appel-urgent-a-un-sursaut-national-face-a-la-pandemie\/"},"modified":"2020-08-20T16:41:41","modified_gmt":"2020-08-20T20:41:41","slug":"discours-royal-un-appel-urgent-a-un-sursaut-national-face-a-la-pandemie","status":"publish","type":"post","link":"https:\/\/linitiative.ca\/International\/discours-royal-un-appel-urgent-a-un-sursaut-national-face-a-la-pandemie\/","title":{"rendered":"Discours royal : un appel urgent \u00e0 un sursaut national face \u00e0 la pand\u00e9mie"},"content":{"rendered":"<p><strong>Dans un grand sursaut historique, le Souverain Mohamed V et le Peuple Marocain ont su mettre fin \u00e0 la domination coloniale. Aujourd\u2019hui, Sa Majest\u00e9 Mohamed VI lance un appel \u00e0 tous les citoyens et citoyennes pour se mobiliser contre la pand\u00e9mie.<\/strong><\/p>\n<div class=\"c10\"\/>\n<p>Les ann\u00e9es 1953-1955 rappellent un contexte historique exceptionnel, celui de la grande vague de d\u00e9colonisation qui s\u2019est d\u00e9chain\u00e9e au niveau mondial. L\u2019imp\u00e9rialisme fran\u00e7ais venait d\u2019essuyer un grand \u00e9chec en Indochine. Au Maroc, le Souverain Mohamed V, en refusant d\u2019\u00eatre manipul\u00e9 par la puissance coloniale, avait choisi le camp de la dignit\u00e9, pour soutenir les aspirations profondes et l\u00e9gitimes de son peuple \u00e0 l\u2019ind\u00e9pendance. Lors de son retour victorieux, le Souverain Mohamed V avait qualifi\u00e9 modestement ce moment historique de \u00ab\u00a0petit jihad\u00a0\u00bb, conscient que le \u00ab\u00a0grand jihad\u00a0\u00bb \u00e9tait effectivement au rendez-vous apr\u00e8s l\u2019ind\u00e9pendance, celui du d\u00e9veloppement \u00e9conomique et de la d\u00e9mocratie effective. C\u2019est ce flambeau qui est actuellement repris fid\u00e8lement par le Souverain Mohamed VI pour assurer la continuit\u00e9 de ce combat permanent contre la pauvret\u00e9 et les in\u00e9galit\u00e9s sociales, pour la justice sociale et la dignit\u00e9.<\/p>\n<p><strong>Lire aussi | <a href=\"https:\/\/www.challenge.ma\/digitalisation-la-cdg-place-la-satisfaction-client-au-coeur-de-sa-strategie-153174\/\" target=\"_blank\" rel=\"noreferrer noopener\" aria-label=\" (opens in a new tab)\">Digitalisation : la CDG place la satisfaction client au c\u0153ur de sa strat\u00e9gie<\/a><\/strong><\/p>\n<p>Face \u00e0 la pand\u00e9mie, et apr\u00e8s avoir su et pu \u00e9viter le pire gr\u00e2ce \u00e0 la p\u00e9riode de confinement, le grand d\u00e9fi actuel est la continuit\u00e9 pour faire face \u00e0 la menace de propagation du virus Covid-19. Tous les efforts ont \u00e9t\u00e9 d\u00e9ploy\u00e9s par l\u2019Etat pour mettre \u00e0 la disposition des citoyens les moyens mat\u00e9riels et les ressources n\u00e9cessaires pour se prot\u00e9ger. Mais le danger n\u2019a pas totalement disparu. Le Souverain appelle l\u2019ensemble des citoyens \u00e0 un sursaut national, en adoptant une attitude morale responsable individuellement et collectivement. C\u2019est l\u00e0 une exigence incontournable dans la bataille d\u2019aujourd\u2019hui. L\u2019aggravation r\u00e9cente de la situation est due surtout au comportement parfois irresponsable des gens, alors que la menace n\u2019a pas pris fin. Le rel\u00e2chement pourrait mener vers de graves d\u00e9cisions avec de lourdes cons\u00e9quences socio-\u00e9conomiques et psychologiques. Le peuple marocain a toujours su donner l\u2019exemple dans les situations historiques exceptionnelles de crise, en se mobilisant et en faisant preuve de maturit\u00e9, de solidarit\u00e9 et de patriotisme.\u00a0 \u00a0\u00a0\u00a0<\/p>\n<div class=\"vw-sticky-sidebar-wrapper vw-sticky-sidebar widget_text awac-wrapper widget_text awac widget custom_html-4 textwidget custom-html-widget\">\n<p class=\"has-background c12\"><span class=\"widget-title c11\">Tribune et D\u00e9bats<\/span><\/p>\n<p>La tribune qui vous parle d\u2019une actu, d\u2019un sujet qui fait d\u00e9bat, les traitent et les analysent. \u00c9conomistes et autres experts, patrons d\u2019entreprises, d\u00e9cideurs, acteurs de la soci\u00e9t\u00e9 civile, s\u2019y prononcent et contribuent \u00e0 sa grande richesse. Vous avez votre opinion, convergente ou diff\u00e9rente. Exprimez-la et mesurez-vous ainsi \u00e0 nos tribuns et d\u00e9batteurs.<\/p>\n<p>Envoyez vos analyses \u00e0 : <a href=\"\/cdn-cgi\/l\/email-protection#7c1f1312081d1f083c1f141d101019121b1952111d\"><span class=\"__cf_email__\" data-cfemail=\"31525e5f45505245715259505d5d545f56541f5c50\">[email\u00a0protected]<\/span><\/a>, en pr\u00e9cisant votre nom, votre pr\u00e9nom et votre m\u00e9tier.<\/p>\n<\/div>\n<p>Auteur: Mohamed Amine<br \/>\n<a href=\"https:\/\/www.challenge.ma\/discours-royal-un-appel-urgent-a-un-sursaut-national-face-a-la-pandemie-153204\/\">Cliquez ici pour lire l&rsquo;article depuis sa source.<\/a><\/p>\n","protected":false},"excerpt":{"rendered":"<p>Dans un grand sursaut historique, le Souverain Mohamed V et le Peuple Marocain ont su mettre fin \u00e0 la domination coloniale. Aujourd\u2019hui, Sa Majest\u00e9 Mohamed VI lance un appel \u00e0 tous les citoyens et citoyennes pour se mobiliser contre la pand\u00e9mie. Les ann\u00e9es 1953-1955 rappellent un contexte historique exceptionnel, celui de la grande vague de [&hellip;]<\/p>\n","protected":false},"author":1787,"featured_media":0,"comment_status":"closed","ping_status":"closed","sticky":false,"template":"","format":"standard","meta":{"fifu_image_url":"","fifu_image_alt":"","footnotes":""},"categories":[78,54],"tags":[],"class_list":["post-96300","post","type-post","status-publish","format-standard","hentry","category-economie","category-maroc"],"_links":{"self":[{"href":"https:\/\/linitiative.ca\/International\/wp-json\/wp\/v2\/posts\/96300","targetHints":{"allow":["GET"]}}],"collection":[{"href":"https:\/\/linitiative.ca\/International\/wp-json\/wp\/v2\/posts"}],"about":[{"href":"https:\/\/linitiative.ca\/International\/wp-json\/wp\/v2\/types\/post"}],"author":[{"embeddable":true,"href":"https:\/\/linitiative.ca\/International\/wp-json\/wp\/v2\/users\/1787"}],"replies":[{"embeddable":true,"href":"https:\/\/linitiative.ca\/International\/wp-json\/wp\/v2\/comments?post=96300"}],"version-history":[{"count":0,"href":"https:\/\/linitiative.ca\/International\/wp-json\/wp\/v2\/posts\/96300\/revisions"}],"wp:attachment":[{"href":"https:\/\/linitiative.ca\/International\/wp-json\/wp\/v2\/media?parent=96300"}],"wp:term":[{"taxonomy":"category","embeddable":true,"href":"https:\/\/linitiative.ca\/International\/wp-json\/wp\/v2\/categories?post=96300"},{"taxonomy":"post_tag","embeddable":true,"href":"https:\/\/linitiative.ca\/International\/wp-json\/wp\/v2\/tags?post=96300"}],"curies":[{"name":"wp","href":"https:\/\/api.w.org\/{rel}","templated":true}]}}