{"id":96302,"date":"2020-08-20T15:37:02","date_gmt":"2020-08-20T19:37:02","guid":{"rendered":"https:\/\/linitiative.ca\/International\/tunisie-une-femme-agee-averee-positive-au-covid-apres-avoir-ete-enterree\/"},"modified":"2020-08-20T15:37:02","modified_gmt":"2020-08-20T19:37:02","slug":"tunisie-une-femme-agee-averee-positive-au-covid-apres-avoir-ete-enterree","status":"publish","type":"post","link":"https:\/\/linitiative.ca\/International\/tunisie-une-femme-agee-averee-positive-au-covid-apres-avoir-ete-enterree\/","title":{"rendered":"Tunisie \u2013 Une femme \u00e2g\u00e9e av\u00e9r\u00e9e positive au covid apr\u00e8s avoir \u00e9t\u00e9 enterr\u00e9e"},"content":{"rendered":"<div class=\"post-cont-in left relative\">\n<p>Une femme \u00e2g\u00e9e\u00a0 qui \u00e9tait d\u00e9c\u00e9d\u00e9e et a \u00e9t\u00e9 enterr\u00e9e, \u00e0 M\u00e9denine, s\u2019est, par la suite, av\u00e9r\u00e9e positive au covid.<\/p>\n<div class=\"code-block code-block-1 c3\"><ins class=\"adsbygoogle c2\" data-ad-layout=\"in-article\" data-ad-format=\"fluid\" data-ad-client=\"ca-pub-2102118777505746\" data-ad-slot=\"7301775417\"\/> <\/div>\n<p>La d\u00e9funte avait \u00e9t\u00e9 admise dans le service covid de l\u2019h\u00f4pital de M\u00e9denine, pour suspicion de son infection au <a href=\"https:\/\/www.tunisienumerique.com\/tunisie-actualite\/coronavirus\/\" title=\"coronavirus\" target=\"_top\" class=\"auto-link\" rel=\"noopener noreferrer\">coronavirus<\/a>.<\/p>\n<p>Mais elle a \u00e9t\u00e9, \u00e0 la demande de sa famille, renvoy\u00e9e chez elle, o\u00f9 elle est d\u00e9c\u00e9d\u00e9e et a \u00e9t\u00e9 enterr\u00e9e, avant de savoir qu\u2019elle \u00e9tait covid+.<\/p>\n<p>Une enqu\u00eate administrative a \u00e9t\u00e9 ouverte pour \u00e9claircir les circonstances dans les quelles le chef du service hospitalier a autoris\u00e9 sa sortie, avant de connaitre le r\u00e9sultat de son test virologique, en compl\u00e8te contravention du protocole sanitaire en vigueur.<\/p>\n<div class=\"swp_social_panel swp_horizontal_panel swp_flat_fresh swp_default_full_color swp_individual_full_color swp_other_full_color scale-100 scale-\" data-min-width=\"1100\" data-float-color=\"#ffffff\" data-float=\"bottom\" data-float-mobile=\"bottom\" data-transition=\"slide\">\n<div class=\"nc_tweetContainer swp_share_button total_shares total_sharesalt\"><span class=\"swp_count\">11 <span class=\"swp_label\">Partages<\/span><\/span><\/div>\n<\/div>\n<p><strong>Que se passe-t-il en Tunisie?<\/strong><br \/>Nous expliquons sur notre <a href=\"https:\/\/www.youtube.com\/channel\/UCRzypVq0B_yBad5eGrwBx0Q?sub_confirmation=1\" target=\"_blank\" rel=\"noopener noreferrer\">cha\u00eene YouTube<\/a> . <a href=\"https:\/\/www.youtube.com\/channel\/UCRzypVq0B_yBad5eGrwBx0Q?sub_confirmation=1\" target=\"_blank\" rel=\"noopener noreferrer\">Abonnez-vous!<\/a><\/p>\n<div class=\"mvp-org-wrap mvp-org-logo\" itemprop=\"publisher\"><img decoding=\"async\" src=\"https:\/\/www.tunisienumerique.com\/wp-content\/uploads\/2017\/02\/logo_tunisie_numerique.png\"\/><\/div>\n<div class=\"mvp-related-posts left relative\">\n<h4 class=\"post-header\"><span class=\"post-header\">Lire aussi<\/span><\/h4>\n<\/div>\n<div id=\"article-ad\"><ins class=\"adsbygoogle c4\" data-ad-client=\"ca-pub-2102118777505746\" data-ad-slot=\"6513972734\" data-ad-format=\"auto\" data-full-width-responsive=\"true\"\/> <\/div>\n<\/div>\n<div id=\"post-sidebar-wrap\"><ins class=\"adsbygoogle c4\" data-ad-client=\"ca-pub-2102118777505746\" data-ad-slot=\"6168283410\" data-ad-format=\"auto\" data-full-width-responsive=\"true\"\/> <\/div>\n<p>Auteur: LM<br \/>\n<a href=\"https:\/\/www.tunisienumerique.com\/tunisie-une-femme-agee-averee-positive-au-covid-apres-avoir-ete-enterree\/\">Cliquez ici pour lire l&rsquo;article depuis sa source.<\/a><\/p>\n","protected":false},"excerpt":{"rendered":"<p>Une femme \u00e2g\u00e9e\u00a0 qui \u00e9tait d\u00e9c\u00e9d\u00e9e et a \u00e9t\u00e9 enterr\u00e9e, \u00e0 M\u00e9denine, s\u2019est, par la suite, av\u00e9r\u00e9e positive au covid. La d\u00e9funte avait \u00e9t\u00e9 admise dans le service covid de l\u2019h\u00f4pital de M\u00e9denine, pour suspicion de son infection au coronavirus. Mais elle a \u00e9t\u00e9, \u00e0 la demande de sa famille, renvoy\u00e9e chez elle, o\u00f9 elle [&hellip;]<\/p>\n","protected":false},"author":1789,"featured_media":96303,"comment_status":"closed","ping_status":"closed","sticky":false,"template":"","format":"standard","meta":{"fifu_image_url":"","fifu_image_alt":"","footnotes":""},"categories":[73,55],"tags":[],"class_list":["post-96302","post","type-post","status-publish","format-standard","has-post-thumbnail","hentry","category-actualite","category-tunisie"],"_links":{"self":[{"href":"https:\/\/linitiative.ca\/International\/wp-json\/wp\/v2\/posts\/96302","targetHints":{"allow":["GET"]}}],"collection":[{"href":"https:\/\/linitiative.ca\/International\/wp-json\/wp\/v2\/posts"}],"about":[{"href":"https:\/\/linitiative.ca\/International\/wp-json\/wp\/v2\/types\/post"}],"author":[{"embeddable":true,"href":"https:\/\/linitiative.ca\/International\/wp-json\/wp\/v2\/users\/1789"}],"replies":[{"embeddable":true,"href":"https:\/\/linitiative.ca\/International\/wp-json\/wp\/v2\/comments?post=96302"}],"version-history":[{"count":0,"href":"https:\/\/linitiative.ca\/International\/wp-json\/wp\/v2\/posts\/96302\/revisions"}],"wp:featuredmedia":[{"embeddable":true,"href":"https:\/\/linitiative.ca\/International\/wp-json\/"}],"wp:attachment":[{"href":"https:\/\/linitiative.ca\/International\/wp-json\/wp\/v2\/media?parent=96302"}],"wp:term":[{"taxonomy":"category","embeddable":true,"href":"https:\/\/linitiative.ca\/International\/wp-json\/wp\/v2\/categories?post=96302"},{"taxonomy":"post_tag","embeddable":true,"href":"https:\/\/linitiative.ca\/International\/wp-json\/wp\/v2\/tags?post=96302"}],"curies":[{"name":"wp","href":"https:\/\/api.w.org\/{rel}","templated":true}]}}