{"id":96306,"date":"2020-08-20T15:50:52","date_gmt":"2020-08-20T19:50:52","guid":{"rendered":"https:\/\/linitiative.ca\/International\/regain-de-tension-en-mediterranee-apres-un-accident-entre-un-navire-turc-et-une-fregate-grecque\/"},"modified":"2020-08-20T15:50:52","modified_gmt":"2020-08-20T19:50:52","slug":"regain-de-tension-en-mediterranee-apres-un-accident-entre-un-navire-turc-et-une-fregate-grecque","status":"publish","type":"post","link":"https:\/\/linitiative.ca\/International\/regain-de-tension-en-mediterranee-apres-un-accident-entre-un-navire-turc-et-une-fregate-grecque\/","title":{"rendered":"Regain de tension en M\u00e9diterran\u00e9e apr\u00e8s un accident entre un navire turc et une fr\u00e9gate grecque"},"content":{"rendered":"<div class=\"post-cont-in left relative\">\n<p>Une fr\u00e9gate turque et un b\u00e2timent grec sont entr\u00e9s en collision la semaine derni\u00e8re en M\u00e9diterran\u00e9e orientale, a indiqu\u00e9 mercredi 19 ao\u00fbt \u00e0 l\u2019AFP une source militaire grecque, confirmant des informations de presse.<\/p>\n<div class=\"code-block code-block-1 c3\"><ins class=\"adsbygoogle c2\" data-ad-layout=\"in-article\" data-ad-format=\"fluid\" data-ad-client=\"ca-pub-2102118777505746\" data-ad-slot=\"7301775417\"\/> <\/div>\n<p>Un quotidien grec a publi\u00e9 mercredi la photo d\u2019une fr\u00e9gate turque endommag\u00e9e, selon le journal, lors d\u2019une collision. Une source militaire grecque a confirm\u00e9 \u00e0 l\u2019AFP l\u2019incident sans toutefois donner plus de d\u00e9tail. Selon le quotidien, la collision a eu lieu mercredi dernier, apr\u00e8s \u00ab<em>une erreur de man\u0153uvre<\/em>\u00bb du b\u00e2timent turc Kemal Reis qui avait tent\u00e9 \u00ab<em>d\u2019emp\u00eacher<\/em>\u00bb la navigation de la fr\u00e9gate grecque Limnos.<\/p>\n<p>Le pr\u00e9sident turc Recep Tayyip <a href=\"https:\/\/www.tunisienumerique.com\/tunisie-actualite\/erdogan\/\" title=\"Erdogan\" target=\"_top\" class=\"auto-link\" rel=\"noopener noreferrer\">Erdogan<\/a> a qualifi\u00e9 ce mercredi de \u00ab<em>piraterie<\/em>\u00bb les activit\u00e9s des pays oppos\u00e9s \u00e0 la Turquie en M\u00e9diterran\u00e9e, o\u00f9 les recherches d\u2019hydrocarbures men\u00e9es unilat\u00e9ralement par Ankara ont provoqu\u00e9 de vives tensions.\u00ab<em>Si nous c\u00e9dons \u00e0 la piraterie dans cette question o\u00f9 nous avons enti\u00e8rement raison, nous ne pourrons r\u00e9pondre aux futures g\u00e9n\u00e9rations<\/em>\u00bb, a-t-il d\u00e9clar\u00e9. Il a ajout\u00e9 que la partie de la M\u00e9diterran\u00e9e orientale revendiqu\u00e9e par Ankara est une extension du territoire turc qu\u2019il a appel\u00e9e \u00ab<em>patrie bleue<\/em>\u00bb. \u00ab<em>D\u00e9fendre la patrie bleue est aussi important que de d\u00e9fendre nos fronti\u00e8res terrestres<\/em>\u00bb, a-t-il affirm\u00e9.<\/p>\n<p>Les tensions entre Ankara et Ath\u00e8nes se sont encore aggrav\u00e9es depuis que la Turquie a envoy\u00e9 le 10 ao\u00fbt le navire Oru\u00e7 Reis, pour proc\u00e9der \u00e0 des explorations d\u2019hydrocarbures dans une zone au large de l\u2019\u00eele grecque de Kastellorizo dans le sud-est de la mer Eg\u00e9e. Plusieurs b\u00e2timents de guerre turcs accompagnaient l\u2019Oru\u00e7 Reis dont la fr\u00e9gate Kemal Reis.<\/p>\n<p>La Gr\u00e8ce a envoy\u00e9 ses propres bateaux de guerre dans la zone pour surveiller les activit\u00e9s turques, qualifi\u00e9es par Ath\u00e8nes de \u00ab<em>provocation<\/em>\u00bb. Le pr\u00e9sident turc avait pr\u00e9venu jeudi qu\u2019une attaque contre un navire turc cherchant des hydrocarbures dans une zone disput\u00e9e de la M\u00e9diterran\u00e9e se payerait au \u00ab<em>prix fort<\/em>\u00bb, et a laiss\u00e9 entendre qu\u2019un incident s\u2019\u00e9tait d\u00e9j\u00e0 produit.<\/p>\n<div class=\"swp_social_panel swp_horizontal_panel swp_flat_fresh swp_default_full_color swp_individual_full_color swp_other_full_color scale-100 scale-\" data-min-width=\"1100\" data-float-color=\"#ffffff\" data-float=\"bottom\" data-float-mobile=\"bottom\" data-transition=\"slide\">\n<div class=\"nc_tweetContainer swp_share_button total_shares total_sharesalt\"><span class=\"swp_count\">6 <span class=\"swp_label\">Partages<\/span><\/span><\/div>\n<\/div>\n<p><strong>Que se passe-t-il en Tunisie?<\/strong><br \/>Nous expliquons sur notre <a href=\"https:\/\/www.youtube.com\/channel\/UCRzypVq0B_yBad5eGrwBx0Q?sub_confirmation=1\" target=\"_blank\" rel=\"noopener noreferrer\">cha\u00eene YouTube<\/a> . <a href=\"https:\/\/www.youtube.com\/channel\/UCRzypVq0B_yBad5eGrwBx0Q?sub_confirmation=1\" target=\"_blank\" rel=\"noopener noreferrer\">Abonnez-vous!<\/a><\/p>\n<div class=\"mvp-org-wrap mvp-org-logo\" itemprop=\"publisher\"><img decoding=\"async\" src=\"https:\/\/www.tunisienumerique.com\/wp-content\/uploads\/2017\/02\/logo_tunisie_numerique.png\"\/><\/div>\n<div class=\"mvp-related-posts left relative\">\n<h4 class=\"post-header\"><span class=\"post-header\">Lire aussi<\/span><\/h4>\n<\/div>\n<div id=\"article-ad\"><ins class=\"adsbygoogle c4\" data-ad-client=\"ca-pub-2102118777505746\" data-ad-slot=\"6513972734\" data-ad-format=\"auto\" data-full-width-responsive=\"true\"\/> <\/div>\n<\/div>\n<div id=\"post-sidebar-wrap\"><ins class=\"adsbygoogle c4\" data-ad-client=\"ca-pub-2102118777505746\" data-ad-slot=\"6168283410\" data-ad-format=\"auto\" data-full-width-responsive=\"true\"\/> <\/div>\n<p>Auteur: LM<br \/>\n<a href=\"https:\/\/www.tunisienumerique.com\/regain-de-tension-en-mediterranee-apres-un-accident-entre-un-navire-turc-et-une-fregate-grecque\/\">Cliquez ici pour lire l&rsquo;article depuis sa source.<\/a><\/p>\n","protected":false},"excerpt":{"rendered":"<p>Une fr\u00e9gate turque et un b\u00e2timent grec sont entr\u00e9s en collision la semaine derni\u00e8re en M\u00e9diterran\u00e9e orientale, a indiqu\u00e9 mercredi 19 ao\u00fbt \u00e0 l\u2019AFP une source militaire grecque, confirmant des informations de presse. Un quotidien grec a publi\u00e9 mercredi la photo d\u2019une fr\u00e9gate turque endommag\u00e9e, selon le journal, lors d\u2019une collision. Une source militaire grecque [&hellip;]<\/p>\n","protected":false},"author":1789,"featured_media":96307,"comment_status":"closed","ping_status":"closed","sticky":false,"template":"","format":"standard","meta":{"fifu_image_url":"","fifu_image_alt":"","footnotes":""},"categories":[73,55],"tags":[],"class_list":["post-96306","post","type-post","status-publish","format-standard","has-post-thumbnail","hentry","category-actualite","category-tunisie"],"_links":{"self":[{"href":"https:\/\/linitiative.ca\/International\/wp-json\/wp\/v2\/posts\/96306","targetHints":{"allow":["GET"]}}],"collection":[{"href":"https:\/\/linitiative.ca\/International\/wp-json\/wp\/v2\/posts"}],"about":[{"href":"https:\/\/linitiative.ca\/International\/wp-json\/wp\/v2\/types\/post"}],"author":[{"embeddable":true,"href":"https:\/\/linitiative.ca\/International\/wp-json\/wp\/v2\/users\/1789"}],"replies":[{"embeddable":true,"href":"https:\/\/linitiative.ca\/International\/wp-json\/wp\/v2\/comments?post=96306"}],"version-history":[{"count":0,"href":"https:\/\/linitiative.ca\/International\/wp-json\/wp\/v2\/posts\/96306\/revisions"}],"wp:featuredmedia":[{"embeddable":true,"href":"https:\/\/linitiative.ca\/International\/wp-json\/"}],"wp:attachment":[{"href":"https:\/\/linitiative.ca\/International\/wp-json\/wp\/v2\/media?parent=96306"}],"wp:term":[{"taxonomy":"category","embeddable":true,"href":"https:\/\/linitiative.ca\/International\/wp-json\/wp\/v2\/categories?post=96306"},{"taxonomy":"post_tag","embeddable":true,"href":"https:\/\/linitiative.ca\/International\/wp-json\/wp\/v2\/tags?post=96306"}],"curies":[{"name":"wp","href":"https:\/\/api.w.org\/{rel}","templated":true}]}}