{"id":96312,"date":"2020-08-20T15:22:49","date_gmt":"2020-08-20T19:22:49","guid":{"rendered":"https:\/\/linitiative.ca\/International\/question-a-qui-droit\/"},"modified":"2020-08-20T15:22:49","modified_gmt":"2020-08-20T19:22:49","slug":"question-a-qui-droit","status":"publish","type":"post","link":"https:\/\/linitiative.ca\/International\/question-a-qui-droit\/","title":{"rendered":"QUESTION A QUI DROIT"},"content":{"rendered":"<div class=\"featured-area featured-area-inner\"><img decoding=\"async\" width=\"780\" height=\"436\" src=\"http:\/\/lepays.bf\/wp-content\/uploads\/2017\/07\/lepaysresponsive.png\" class=\"attachment-jannah-image-post default-featured-img\" alt=\"\" loading=\"lazy\" srcset=\"http:\/\/lepays.bf\/wp-content\/uploads\/2017\/07\/lepaysresponsive.png 1137w, http:\/\/lepays.bf\/wp-content\/uploads\/2017\/07\/lepaysresponsive-300x168.png 300w, http:\/\/lepays.bf\/wp-content\/uploads\/2017\/07\/lepaysresponsive-768x430.png 768w, http:\/\/lepays.bf\/wp-content\/uploads\/2017\/07\/lepaysresponsive-1024x573.png 1024w\" sizes=\"auto, (max-width: 780px) 100vw, 780px\"\/><\/div>\n<div class=\"entry-content entry clearfix\" readability=\"41\">\n<div class=\"stream-item stream-item-above-post-content\">\n<p><noscript><\/p>\n<p><a href=\"\/\/www3.smartadserver.com\/ac?jump=1&amp;nwid=2136&amp;siteid=240610&amp;pgname=rg&amp;fmtid=49046&amp;visit=m&amp;tmstp=[timestamp]&amp;out=nonrich\" target=\"_blank\" rel=\"noopener noreferrer\"><img decoding=\"async\" src=\"http:\/\/www3.smartadserver.com\/ac?out=nonrich&amp;nwid=2136&amp;siteid=240610&amp;pgname=rg&amp;fmtid=49046&amp;visit=m&amp;tmstp=[timestamp]\" border=\"0\" alt=\"\"\/><\/a><\/p>\n<p><\/noscript><\/div>\n<p class=\"c3\"><em>Il y a une question que je me pose sans r\u00e9ponse depuis plus d\u2019une ann\u00e9e et je souhaite que les autorit\u00e9s comp\u00e9tentes \u00e9clairent ma lanterne. Pourquoi les Forces de d\u00e9fense et de s\u00e9curit\u00e9 (FDS) dont je salue au passage l\u2019engagement sur le terrain, n\u2019arrivent-elles pas \u00e0 s\u00e9curiser\u00a0 l\u2019axe Namsiguia\/ Djibo, long de 36 km\u00a0? Tant et si bien que des groupes arm\u00e9s en viennent \u00e0 y proc\u00e9der \u00e0 des contr\u00f4les d\u2019identit\u00e9. Je sais que la guerre que m\u00e8nent les FDS contre les terroristes, est tr\u00e8s complexe, mais je trouve qu\u2019elles peuvent davantage s\u00e9curiser cet axe \u00e9tant donn\u00e9 qu\u2019il n\u2019est pas aussi long que cela.<\/em><\/p>\n<p class=\"c3\"><em>\u00a0<\/em><\/p>\n<p class=\"c4\"><strong><em>Un ressortissant de Djibo<\/em><\/strong><\/p>\n<\/div>\n<p>Auteur: Le Pays<br \/>\n<a href=\"http:\/\/lepays.bf\/question-a-qui-droit\/\">Cliquez ici pour lire l&rsquo;article depuis sa source.<\/a><\/p>\n","protected":false},"excerpt":{"rendered":"<p>Il y a une question que je me pose sans r\u00e9ponse depuis plus d\u2019une ann\u00e9e et je souhaite que les autorit\u00e9s comp\u00e9tentes \u00e9clairent ma lanterne. Pourquoi les Forces de d\u00e9fense et de s\u00e9curit\u00e9 (FDS) dont je salue au passage l\u2019engagement sur le terrain, n\u2019arrivent-elles pas \u00e0 s\u00e9curiser\u00a0 l\u2019axe Namsiguia\/ Djibo, long de 36 km\u00a0? Tant [&hellip;]<\/p>\n","protected":false},"author":1813,"featured_media":96313,"comment_status":"closed","ping_status":"closed","sticky":false,"template":"","format":"standard","meta":{"fifu_image_url":"","fifu_image_alt":"","footnotes":""},"categories":[73,81],"tags":[],"class_list":["post-96312","post","type-post","status-publish","format-standard","has-post-thumbnail","hentry","category-actualite","category-burkina-faso"],"_links":{"self":[{"href":"https:\/\/linitiative.ca\/International\/wp-json\/wp\/v2\/posts\/96312","targetHints":{"allow":["GET"]}}],"collection":[{"href":"https:\/\/linitiative.ca\/International\/wp-json\/wp\/v2\/posts"}],"about":[{"href":"https:\/\/linitiative.ca\/International\/wp-json\/wp\/v2\/types\/post"}],"author":[{"embeddable":true,"href":"https:\/\/linitiative.ca\/International\/wp-json\/wp\/v2\/users\/1813"}],"replies":[{"embeddable":true,"href":"https:\/\/linitiative.ca\/International\/wp-json\/wp\/v2\/comments?post=96312"}],"version-history":[{"count":0,"href":"https:\/\/linitiative.ca\/International\/wp-json\/wp\/v2\/posts\/96312\/revisions"}],"wp:featuredmedia":[{"embeddable":true,"href":"https:\/\/linitiative.ca\/International\/wp-json\/"}],"wp:attachment":[{"href":"https:\/\/linitiative.ca\/International\/wp-json\/wp\/v2\/media?parent=96312"}],"wp:term":[{"taxonomy":"category","embeddable":true,"href":"https:\/\/linitiative.ca\/International\/wp-json\/wp\/v2\/categories?post=96312"},{"taxonomy":"post_tag","embeddable":true,"href":"https:\/\/linitiative.ca\/International\/wp-json\/wp\/v2\/tags?post=96312"}],"curies":[{"name":"wp","href":"https:\/\/api.w.org\/{rel}","templated":true}]}}