{"id":96315,"date":"2020-08-20T15:29:06","date_gmt":"2020-08-20T19:29:06","guid":{"rendered":"https:\/\/linitiative.ca\/International\/sommet-extraordinaire-de-la-cedeao-sur-le-mali\/"},"modified":"2020-08-20T15:29:06","modified_gmt":"2020-08-20T19:29:06","slug":"sommet-extraordinaire-de-la-cedeao-sur-le-mali","status":"publish","type":"post","link":"https:\/\/linitiative.ca\/International\/sommet-extraordinaire-de-la-cedeao-sur-le-mali\/","title":{"rendered":"SOMMET EXTRAORDINAIRE DE LA CEDEAO SUR LE MALI"},"content":{"rendered":"<div class=\"stream-item stream-item-above-post-content\">\n<p><noscript><\/p>\n<p><a href=\"\/\/www3.smartadserver.com\/ac?jump=1&amp;nwid=2136&amp;siteid=240610&amp;pgname=rg&amp;fmtid=49046&amp;visit=m&amp;tmstp=[timestamp]&amp;out=nonrich\" target=\"_blank\" rel=\"noopener noreferrer\"><img decoding=\"async\" src=\"http:\/\/www3.smartadserver.com\/ac?out=nonrich&amp;nwid=2136&amp;siteid=240610&amp;pgname=rg&amp;fmtid=49046&amp;visit=m&amp;tmstp=[timestamp]\" border=\"0\" alt=\"\"\/><\/a><\/p>\n<p><\/noscript><\/div>\n<p class=\"c3\"><em>Trois jours apr\u00e8s le coup d\u2019Etat qui a d\u00e9pos\u00e9, le 18 ao\u00fbt dernier, le pr\u00e9sident Ibrahim Boubacar K\u00e9\u00efta (IBK), le visage de la \u00a0junte militaire qui a pris le pouvoir \u00e0 Bamako, commence \u00e0 se dessiner. En effet, \u00e0 la suite du colonel Isma\u00efl Wagu\u00e9 qui assume le porte-parolat des putschistes, le colonel Assimi Go\u00efta, commandant des forces sp\u00e9ciales et pur produit de l\u2019\u00e9cole militaire de Kati, est sorti de l\u2019ombre pour enfiler le costume de chef du Comit\u00e9 national \u00a0pour le salut du peuple (CNSP) \u00e0 l\u2019origine du coup de force. Se voulant rassurant, les hommes en treillis qui assurent ne pas tenir au pouvoir, se sont inscrits dans la logique d\u2019une transition civile, en promettant la tenue d\u2019\u00e9lections dans les plus brefs d\u00e9lais. La question que tout le monde se pose, est la suivante\u00a0: quel cr\u00e9dit accorder \u00e0 ces hommes en kaki qui ont plus d\u2019une fois, prouv\u00e9, au Mali comme ailleurs, qu\u2019ils sont venus balayer la maison pour mieux s\u2019y installer\u00a0? Quoi qu\u2019il en soit, r\u00e9unis, le 20 ao\u00fbt en sommet extraordinaire par visioconf\u00e9rence, les chefs d\u2019Etat de la CEDEAO se sont voulu fermes sur le coup d\u2019Etat qui est unanimement condamn\u00e9 par la communaut\u00e9 internationale et ne comptent pas transiger sur le r\u00e9tablissement de l\u2019ordre constitutionnel.<\/em><\/p>\n<p class=\"c3\"><em>\u00a0<\/em><\/p>\n<p class=\"c4\"><strong><em>En plus de jouer sa cr\u00e9dibilit\u00e9, la CEDEAO veut \u00e9viter d\u2019ouvrir la bo\u00eete de pandore des changements anticonstitutionnels<\/em><\/strong><\/p>\n<p class=\"c3\"><em>\u00a0<\/em><\/p>\n<p class=\"c3\"><em>C\u2019est ainsi qu\u2019en plus de l\u2019isolement du pays qui se voit ferm\u00e9es toutes les fronti\u00e8res de l\u2019espace r\u00e9gional, il se dessine comme un blocus \u00e9conomique dict\u00e9 par l\u2019instance sous-r\u00e9gionale qui semble d\u00e9cid\u00e9e \u00e0 se donner les moyens de se faire respecter. Et on peut la comprendre parce qu\u2019en plus de jouer sa cr\u00e9dibilit\u00e9, la CEDEAO veut \u00e9viter d\u2019ouvrir la bo\u00eete de pandore des changements anticonstitutionnels dans une sous-r\u00e9gion \u00e0 la stabilit\u00e9 davantage fragilis\u00e9e par les questions s\u00e9curitaires en lien avec le terrorisme.\u00a0\u00a0 D\u00e8s lors, l\u2019on peut se demander si les putschistes qui semblent avoir consomm\u00e9 leur coup et appellent \u00e0 une reprise de la vie normale tout en multipliant les contacts \u00e0 l\u2019int\u00e9rieur aussi bien avec les responsables administratifs que les leaders politiques, pourront tenir face \u00e0 cette avalanche de sanctions dont l\u2019objectif est visiblement de les contraindre \u00e0 rendre le plus rapidement possible le pouvoir aux civils. Du m\u00eame coup, l\u2019on peut se demander si ce coup d\u2019Etat est la solution au probl\u00e8me pos\u00e9. Rien n\u2019est moins s\u00fbr. Car, l\u2019exp\u00e9rience du coup d\u2019Etat de 2012 qui a pratiquement jet\u00e9 le pays en p\u00e2ture aux djihadistes, devait servir de le\u00e7on. En outre, l\u2019opposition malienne, qui a milit\u00e9 dans le M5-RFP pour le d\u00e9part d\u2019IBK du pouvoir, reste \u00e0 l\u2019aff\u00fbt et garde une position de prudence pour ne pas se faire \u00ab\u00a0voler\u00a0sa victoire\u00bb, m\u00eame si elle s\u2019est \u00ab\u00a0f\u00e9licit\u00e9e du coup d\u2019Etat\u00a0\u00bb. C\u2019est dire si le Mali n\u2019est pas encore sorti de l\u2019auberge. Et on attend de voir comment va s\u2019ouvrir la Transition. Car, s\u2019il est quasiment une certitude qu\u2019IBK ne reviendra pas au pouvoir,\u00a0 il n\u2019est pas exclu que d\u2019ici l\u00e0, des divergences profondes entre les putschistes et ses thurif\u00e9raires apparaissent au grand jour. Le plus dur sera donc la mise en marche de cette transition, sans que le choc des ambitions et des int\u00e9r\u00eats partisans n\u2019entravent le retour progressif \u00e0 l\u2019ordre constitutionnel normal.<\/em><\/p>\n<p class=\"c3\"><em>\u00a0<\/em><\/p>\n<p class=\"c4\"><strong><em>Il faut travailler \u00e0 sauver le Mali du chaos et surtout, \u00e0 le remettre sur les rails de la vraie d\u00e9mocratie<\/em><\/strong><\/p>\n<p class=\"c3\"><em>\u00a0<\/em><\/p>\n<p class=\"c3\"><em>C\u2019est pourquoi il faut prendre les militaires au mot, dans leur volont\u00e9 annonc\u00e9e d\u2019instaurer une transition civile. Il faut les emp\u00eacher de garder les commandes de la transition par des tours de passe-passe dont eux seuls ont le secret. Autrement, la joie des Maliens risque d\u2019\u00eatre de courte dur\u00e9e et le r\u00e9veil pourrait \u00eatre douloureux. On l\u2019a vu au Soudan o\u00f9, profitant de la grogne populaire, la soldatesque jadis \u00e0 la solde du pr\u00e9sident Omar El B\u00e9chir, a pouss\u00e9 le dictateur \u00e0 la sortie pour ensuite confisquer la transition \u00e0 son profit, au grand dam des contestataires dont les manifestations avaient fortement fragilis\u00e9 le r\u00e9gime de Khartoum. C\u2019est pourquoi, au-del\u00e0 des sanctions, il faut travailler \u00e0 sauver le Mali du chaos et surtout, \u00e0 le remettre sur les rails de la vraie d\u00e9mocratie. C\u2019est le seul combat qui vaille la peine d\u2019\u00eatre men\u00e9 aujourd\u2019hui. Mais la t\u00e2che para\u00eet difficile tant que le Mali ne sera pas d\u00e9barrass\u00e9 de la vieille classe politique qui a montr\u00e9 ses limites. Car, on aura beau changer les hommes, tant que la classe politique ne changera pas de paradigme pour s\u2019inscrire dans la logique d\u2019une gestion du pouvoir ax\u00e9e sur l\u2019int\u00e9r\u00eat de la Nation au d\u00e9triment des int\u00e9r\u00eats personnels, la situation ne changera jamais. Et l\u2019histoire risque de se r\u00e9p\u00e9ter. Il est temps d\u2019y mettre le hol\u00e0. C\u2019est tout le mal que l\u2019on souhaite \u00e0 la CEDEAO qui, malgr\u00e9 ses propres\u00a0 limites, est bien dans son r\u00f4le en cherchant \u00e0 pr\u00e9venir les risques d\u2019une contagion sous-r\u00e9gionale avec le cas malien.<\/em><\/p>\n<p class=\"c3\"><em>\u00a0<\/em><\/p>\n<p class=\"c4\"><strong><em>\u00a0\u00ab\u00a0Le Pays\u00a0\u00bb<\/em><\/strong><\/p>\n<p class=\"c3\"><em>\u00a0<\/em><\/p>\n<p class=\"c3\"><em>\u00a0<\/em><\/p>\n<p>Auteur: Le Pays<br \/>\n<a href=\"http:\/\/lepays.bf\/sommet-extraordinaire-de-la-cedeao-sur-le-mali\/\">Cliquez ici pour lire l&rsquo;article depuis sa source.<\/a><\/p>\n","protected":false},"excerpt":{"rendered":"<p>Trois jours apr\u00e8s le coup d\u2019Etat qui a d\u00e9pos\u00e9, le 18 ao\u00fbt dernier, le pr\u00e9sident Ibrahim Boubacar K\u00e9\u00efta (IBK), le visage de la \u00a0junte militaire qui a pris le pouvoir \u00e0 Bamako, commence \u00e0 se dessiner. En effet, \u00e0 la suite du colonel Isma\u00efl Wagu\u00e9 qui assume le porte-parolat des putschistes, le colonel Assimi Go\u00efta, [&hellip;]<\/p>\n","protected":false},"author":1813,"featured_media":0,"comment_status":"closed","ping_status":"closed","sticky":false,"template":"","format":"standard","meta":{"fifu_image_url":"","fifu_image_alt":"","footnotes":""},"categories":[73,81],"tags":[],"class_list":["post-96315","post","type-post","status-publish","format-standard","hentry","category-actualite","category-burkina-faso"],"_links":{"self":[{"href":"https:\/\/linitiative.ca\/International\/wp-json\/wp\/v2\/posts\/96315","targetHints":{"allow":["GET"]}}],"collection":[{"href":"https:\/\/linitiative.ca\/International\/wp-json\/wp\/v2\/posts"}],"about":[{"href":"https:\/\/linitiative.ca\/International\/wp-json\/wp\/v2\/types\/post"}],"author":[{"embeddable":true,"href":"https:\/\/linitiative.ca\/International\/wp-json\/wp\/v2\/users\/1813"}],"replies":[{"embeddable":true,"href":"https:\/\/linitiative.ca\/International\/wp-json\/wp\/v2\/comments?post=96315"}],"version-history":[{"count":0,"href":"https:\/\/linitiative.ca\/International\/wp-json\/wp\/v2\/posts\/96315\/revisions"}],"wp:attachment":[{"href":"https:\/\/linitiative.ca\/International\/wp-json\/wp\/v2\/media?parent=96315"}],"wp:term":[{"taxonomy":"category","embeddable":true,"href":"https:\/\/linitiative.ca\/International\/wp-json\/wp\/v2\/categories?post=96315"},{"taxonomy":"post_tag","embeddable":true,"href":"https:\/\/linitiative.ca\/International\/wp-json\/wp\/v2\/tags?post=96315"}],"curies":[{"name":"wp","href":"https:\/\/api.w.org\/{rel}","templated":true}]}}