{"id":96316,"date":"2020-08-20T15:33:10","date_gmt":"2020-08-20T19:33:10","guid":{"rendered":"https:\/\/linitiative.ca\/International\/investiture-du-candidat-du-rhdp-sur-fond-dinterdiction-de-manifs\/"},"modified":"2020-08-20T15:33:10","modified_gmt":"2020-08-20T19:33:10","slug":"investiture-du-candidat-du-rhdp-sur-fond-dinterdiction-de-manifs","status":"publish","type":"post","link":"https:\/\/linitiative.ca\/International\/investiture-du-candidat-du-rhdp-sur-fond-dinterdiction-de-manifs\/","title":{"rendered":"INVESTITURE DU CANDIDAT DU RHDP SUR FOND D\u2019INTERDICTION DE MANIFS"},"content":{"rendered":"<div class=\"stream-item stream-item-above-post-content\">\n<p><noscript><\/p>\n<p><a href=\"\/\/www3.smartadserver.com\/ac?jump=1&amp;nwid=2136&amp;siteid=240610&amp;pgname=rg&amp;fmtid=49046&amp;visit=m&amp;tmstp=[timestamp]&amp;out=nonrich\" target=\"_blank\" rel=\"noopener noreferrer\"><img decoding=\"async\" src=\"http:\/\/www3.smartadserver.com\/ac?out=nonrich&amp;nwid=2136&amp;siteid=240610&amp;pgname=rg&amp;fmtid=49046&amp;visit=m&amp;tmstp=[timestamp]\" border=\"0\" alt=\"\"\/><\/a><\/p>\n<p><\/noscript><\/div>\n<p class=\"c3\"><em>Les autorit\u00e9s ivoiriennes ont interdit, le 19 ao\u00fbt dernier et ce, jusqu\u2019au 15 septembre prochain, les manifestations sur la voie publique. Elles sont seulement autoris\u00e9es dans les enceintes closes ou espaces s\u00e9curis\u00e9s.\u00a0 Et comme il fallait s\u2019y attendre, l\u2019opposition est illico presto mont\u00e9e sur ses grands chevaux pour d\u00e9noncer cette mesure qui, \u00e0 ses yeux, n\u2019est ni plus ni moins qu\u2019une violation de la Constitution ivoirienne.\u00a0 Et l\u2019on ne saurait lui donner a priori tort.\u00a0 Car, le droit de manifester est reconnu \u00e0 tout citoyen et l\u2019interdire dans un Etat qui se veut de droit, pose probl\u00e8me. C\u2019est vrai que face aux manifestations qui ont entra\u00een\u00e9 la mort de 6 personnes, le saccage des biens publics et priv\u00e9s avec \u00a0\u00e0 la cl\u00e9 173 bless\u00e9s, le pouvoir se devait de prendre des mesures idoines. Mais de l\u00e0 \u00e0 interdire les manifestations publiques, c\u2019est un palier que le pouvoir vient de franchir.\u00a0 En le faisant, ADO casse certes le thermom\u00e8tre, mais il ne fait pas baisser la fi\u00e8vre.\u00a0 En tout cas, cette d\u00e9cision n\u2019est pas \u00e9trang\u00e8re \u00e0 son investiture qui est pr\u00e9vue pour le 22 ao\u00fbt au stade Houphou\u00ebt Boigny. Tant et si qu\u2019il est difficile de ne pas \u00e9tablir un lien de cause \u00e0 effet. Le moins que l\u2019on puisse dire, c\u2019est qu\u2019ADO voudrait casser la lutte de l\u2019opposition qu\u2019il ne s\u2019y prendrait pas autrement. Cela est d\u2019autant plus vrai que cette mesure d\u2019interdiction de manifs, a \u00e9t\u00e9 prise au lendemain de l\u2019appel \u00a0\u00a0de certains partis politiques de l\u2019opposition \u00e0 des manifestations\u00a0 nationales contre son troisi\u00e8me mandat. Mais tout laisse croire que cette mesure ne mettra pas fin \u00e0 la col\u00e8re des jeunes qui se disent d\u00e9termin\u00e9s \u00e0 aller jusqu\u2019au bout.\u00a0 On est d\u2019autant plus fond\u00e9 \u00e0 le penser que l\u2019investiture risque de rendre le climat plus d\u00e9l\u00e9t\u00e8re qu\u2019il ne l\u2019est d\u00e9j\u00e0. \u00a0\u00a0<\/em><\/p>\n<p class=\"c3\"><em>\u00a0<\/em><\/p>\n<p class=\"c4\"><strong><em>Il faut \u00e9viter de r\u00e9veiller les vieux d\u00e9mons<\/em><\/strong><\/p>\n<p class=\"c3\"><em>\u00a0<\/em><\/p>\n<p class=\"c3\"><em>Cela dit, ADO gagnerait \u00e0 changer son fusil d\u2019\u00e9paule.\u00a0 Plut\u00f4t que d\u2019une interdiction des manifs, il devrait plut\u00f4t travailler \u00e0 les encadrer, quitte \u00e0 sanctionner d\u2019\u00e9ventuels fautifs. \u00a0\u00a0Au lieu de s\u2019attaquer aux cons\u00e9quences, le r\u00e9gime de Ouattara serait bien inspir\u00e9 de s\u2019attaquer \u00a0\u00a0aux causes.\u00a0 En optant pour la prorogation de son bail \u00e0 la t\u00eate de l\u2019Etat en se basant sur la nouvelle Constitution \u00e0 interpr\u00e9tation variable, ADO devrait savoir qu\u2019il marche sur des oeufs.\u00a0<\/em> <em>Cela dit, que fera maintenant l\u2019opposition\u00a0? Va-t-elle passer outre ou respectera-t-elle la mesure d\u2019interdiction des manifs ?\u00a0 Que feront ces femmes dont la marche \u00e9tait pr\u00e9vue pour se d\u00e9rouler aujourd\u2019hui \u00e0 Cocody\u00a0? En attendant de voir la posture qu\u2019adopteront les uns et les autres, il faut s\u2019inqui\u00e9ter pour la C\u00f4te d\u2019Ivoire, ce d\u2019autant que les ingr\u00e9dients d\u2019une crise pr\u00e9 et post-\u00e9lectorale se r\u00e9unissent chaque jour que Dieu fait. C\u2019est pourquoi, au-del\u00e0 du r\u00e9gime d\u2019ADO, il faut interpeller toute la classe politique ivoirienne \u00e0 savoir raison garder.\u00a0 Elle doit, \u00e0 tout prix, \u00e9viter de r\u00e9veiller les vieux d\u00e9mons. A 78 ans pour ADO et 86 ans pour Henri Konan B\u00e9di\u00e9\u2026, les vieux loups de la sc\u00e8ne politique ivoirinenne devraient plut\u00f4t travailler \u00e0 l\u00e9guer un bel h\u00e9ritage \u00e0 la g\u00e9n\u00e9ration future, plut\u00f4t que de chercher \u00e0 instrumentaliser les jeunes \u00e0 des fins politiques. Qu\u2019ils se le tiennent pour dit, si la C\u00f4te d\u2019Ivoire bascule dans de nouvelles violences, l\u2019histoire les tiendra pour responsables.<\/em><\/p>\n<p class=\"c3\"><em>\u00a0<\/em><\/p>\n<p class=\"c4\"><strong><em>Dabadi ZOUMBARA<\/em><\/strong><\/p>\n<p class=\"c4\"><strong><em>\u00a0<\/em><\/strong><\/p>\n<p class=\"c3\"><em>\u00a0<\/em><\/p>\n<p>Auteur: Le Pays<br \/>\n<a href=\"http:\/\/lepays.bf\/investiture-du-candidat-du-rhdp-sur-fond-dinterdiction-de-manifs\/\">Cliquez ici pour lire l&rsquo;article depuis sa source.<\/a><\/p>\n","protected":false},"excerpt":{"rendered":"<p>Les autorit\u00e9s ivoiriennes ont interdit, le 19 ao\u00fbt dernier et ce, jusqu\u2019au 15 septembre prochain, les manifestations sur la voie publique. Elles sont seulement autoris\u00e9es dans les enceintes closes ou espaces s\u00e9curis\u00e9s.\u00a0 Et comme il fallait s\u2019y attendre, l\u2019opposition est illico presto mont\u00e9e sur ses grands chevaux pour d\u00e9noncer cette mesure qui, \u00e0 ses yeux, [&hellip;]<\/p>\n","protected":false},"author":1813,"featured_media":0,"comment_status":"closed","ping_status":"closed","sticky":false,"template":"","format":"standard","meta":{"fifu_image_url":"","fifu_image_alt":"","footnotes":""},"categories":[73,81],"tags":[],"class_list":["post-96316","post","type-post","status-publish","format-standard","hentry","category-actualite","category-burkina-faso"],"_links":{"self":[{"href":"https:\/\/linitiative.ca\/International\/wp-json\/wp\/v2\/posts\/96316","targetHints":{"allow":["GET"]}}],"collection":[{"href":"https:\/\/linitiative.ca\/International\/wp-json\/wp\/v2\/posts"}],"about":[{"href":"https:\/\/linitiative.ca\/International\/wp-json\/wp\/v2\/types\/post"}],"author":[{"embeddable":true,"href":"https:\/\/linitiative.ca\/International\/wp-json\/wp\/v2\/users\/1813"}],"replies":[{"embeddable":true,"href":"https:\/\/linitiative.ca\/International\/wp-json\/wp\/v2\/comments?post=96316"}],"version-history":[{"count":0,"href":"https:\/\/linitiative.ca\/International\/wp-json\/wp\/v2\/posts\/96316\/revisions"}],"wp:attachment":[{"href":"https:\/\/linitiative.ca\/International\/wp-json\/wp\/v2\/media?parent=96316"}],"wp:term":[{"taxonomy":"category","embeddable":true,"href":"https:\/\/linitiative.ca\/International\/wp-json\/wp\/v2\/categories?post=96316"},{"taxonomy":"post_tag","embeddable":true,"href":"https:\/\/linitiative.ca\/International\/wp-json\/wp\/v2\/tags?post=96316"}],"curies":[{"name":"wp","href":"https:\/\/api.w.org\/{rel}","templated":true}]}}