{"id":96319,"date":"2020-08-20T15:42:27","date_gmt":"2020-08-20T19:42:27","guid":{"rendered":"https:\/\/linitiative.ca\/International\/offres-de-sante-au-burkina-les-medecins-exposent-leurs-preoccupations-a-bala-sakande\/"},"modified":"2020-08-20T15:42:27","modified_gmt":"2020-08-20T19:42:27","slug":"offres-de-sante-au-burkina-les-medecins-exposent-leurs-preoccupations-a-bala-sakande","status":"publish","type":"post","link":"https:\/\/linitiative.ca\/International\/offres-de-sante-au-burkina-les-medecins-exposent-leurs-preoccupations-a-bala-sakande\/","title":{"rendered":"Offres de sant\u00e9 au Burkina  : les m\u00e9decins exposent leurs  pr\u00e9occupations \u00e0 Bala Sakand\u00e9"},"content":{"rendered":"<div class=\"td-post-featured-image\"><a href=\"https:\/\/www.sidwaya.info\/wp-content\/uploads\/2020\/08\/1-42.jpg\" data-caption=\"\"><img loading=\"lazy\" decoding=\"async\" width=\"595\" height=\"397\" class=\"entry-thumb td-modal-image\" src=\"https:\/\/www.sidwaya.info\/wp-content\/uploads\/2020\/08\/1-42.jpg\" srcset=\"https:\/\/www.sidwaya.info\/wp-content\/uploads\/2020\/08\/1-42.jpg 595w, https:\/\/www.sidwaya.info\/wp-content\/uploads\/2020\/08\/1-42-300x200.jpg 300w\" sizes=\"auto, (max-width: 595px) 100vw, 595px\" alt=\"\" title=\"1\"\/><\/a><\/div>\n<p><strong>Le pr\u00e9sident de l\u2019Assembl\u00e9e nationale, Alassane Bala Sakand\u00e9, a re\u00e7u successivement en audience, le pr\u00e9sident du Conseil national de l\u2019Ordre des m\u00e9decins, Pr Charlemagne Ou\u00e9draogo et celui de l\u2019Union nationale des soci\u00e9t\u00e9s coop\u00e9ratives des producteurs semenciers du Burkina (UNPS-B), Inoussa Ou\u00e9draogo.<\/strong><\/p>\n<p>L\u2019Ordre des m\u00e9decins du Burkina veut un nouveau mode de financement et d\u2019acquisition des offres d\u2019\u00e9quipements biom\u00e9dicaux pour dynamiser davantage le syst\u00e8me de sant\u00e9. Une d\u00e9l\u00e9gation de la structure l\u2019a fait savoir au pr\u00e9sident de l\u2019Assembl\u00e9e nationale, Alassane Bala Sankand\u00e9, au cours d\u2019une audience, le jeudi 20 ao\u00fbt 2020, \u00e0 Ouagadougou. Pour le pr\u00e9sident de l\u2019Ordre des m\u00e9decins, Pr Charlemagne Ou\u00e9draogo, le mode d\u2019acquisition des \u00e9quipements biom\u00e9dicaux ne donne pas satisfaction, comme l\u2019a relev\u00e9 un rapport produit par le Parlement sur la question.<\/p>\n<p>\u00ab Nous avons \u00e9chang\u00e9 sur un certain nombre de pr\u00e9occupations en rapport avec notre syst\u00e8me de sant\u00e9 et l\u2019offre de soins au Burkina, notamment le financement des h\u00f4pitaux. Nous avons voulu qu\u2019il y ait un autre mode de financement afin de pouvoir r\u00e9gler les questions de sant\u00e9 \u00bb, a d\u00e9clar\u00e9 Charlemagne Ou\u00e9draogo, \u00e0 sa sortie d\u2019audience. Il a ajout\u00e9 qu\u2019il a aussi \u00e9t\u00e9 question, avec M. Sakand\u00e9, des \u00e9coles priv\u00e9es de sant\u00e9, au regard de l\u2019engouement que le secteur conna\u00eet. Pour que \u00ab les produits \u00bb issus de ces \u00e9coles puissent r\u00e9pondre v\u00e9ritablement aux pr\u00e9occupations sanitaires, a-t-il fait savoir, un cahier de charges a \u00e9t\u00e9 \u00e9labor\u00e9 par l\u2019entremise du minist\u00e8re en charge de l\u2019enseignement sup\u00e9rieur. \u00ab Ce cahier de charges est un gage de la qualit\u00e9 de la formation auquel chaque entrepreneur dans le domaine doit se conformer \u00bb, a-t-il soutenu. La d\u00e9l\u00e9gation a souhait\u00e9 que la repr\u00e9sentation nationale ait un regard sur la question pour plus d\u2019efficacit\u00e9 et d\u2019efficience dans les offres de soins sanitaires. A en croire le Pr Ou\u00e9draogo, le PAN a demand\u00e9 de lui soumettre toutes ces pr\u00e9occupations, sous forme de m\u00e9morandum, afin qu\u2019il puisse s\u2019y pencher.<\/p>\n<div class=\"td-a-rec td-a-rec-id-content_inline tdi_30_e30 td_block_template_1\"><img loading=\"lazy\" decoding=\"async\" class=\"aligncenter size-full wp-image-21314\" src=\"https:\/\/www.sidwaya.info\/wp-content\/uploads\/2020\/04\/Bandeau-Covid-19-Sidwaya-1.jpg\" alt=\"\" width=\"790\" height=\"98\"\/><\/div>\n<p>l\u2019Union nationale des soci\u00e9t\u00e9s coop\u00e9ratives des producteurs semenciers du Burkina (UNPS-B) qui a \u00e9t\u00e9 re\u00e7ue par le chef du parlement burkinab\u00e8. Conduite par son pr\u00e9sident, Inoussa Ou\u00e9draogo, la d\u00e9l\u00e9gation a indiqu\u00e9 avoir fait le bilan de la premi\u00e8re \u00e9dition des journ\u00e9es promotionnelles des semences agricoles, et de bien d\u2019autres questions li\u00e9es au fonctionnement de la structure.<\/p>\n<p>\u00ab Nous sommes pass\u00e9s remercier le pr\u00e9sident de l\u2019Assembl\u00e9e nationale et lui t\u00e9moigner notre gratitude pour son accompagnement lors de notre journ\u00e9e promotionnelle des semences agricoles \u00bb, a indiqu\u00e9 Inoussa Ou\u00e9draogo. Pour lui, ces journ\u00e9es qui se sont tenues gr\u00e2ce \u00e0 l\u2019accompagnement du pr\u00e9sident Sakand\u00e9 ont permis de faire conna\u00eetre la fili\u00e8re sur le plan national et au-del\u00e0 des fronti\u00e8res du Burkina.<br \/>\u00ab Nous avons vendu 25 tonnes de semences et cela a permis \u00e0 certains pays de conna\u00eetre le Burkina \u00bb, a-t-il soulign\u00e9. C\u2019est pourquoi, il a encore souhait\u00e9 son appui pour la tenue de la 2e \u00e9dition.<\/p>\n<p class=\"c1\"><strong>Souma\u00efla BONKOUNGOU<\/strong><br \/><strong>Alimatou COMPAORE<\/strong><br \/><strong>(Stagiaire)<\/strong><\/p>\n<div class=\"td-a-rec td-a-rec-id-content_bottom tdi_31_30e td_block_template_1\"><img loading=\"lazy\" decoding=\"async\" class=\"aligncenter size-full wp-image-22415\" src=\"https:\/\/www.sidwaya.info\/wp-content\/uploads\/2020\/05\/Bandeau-paiement-mobile-site.png\" alt=\"\" width=\"728\" height=\"90\"\/><\/div>\n<p>Auteur: DD. Sidwaya<br \/>\n<a href=\"https:\/\/www.sidwaya.info\/blog\/2020\/08\/20\/offres-de-sante-au-burkina-les-medecins-exposent-leurs-preoccupations-a-bala-sakande\/\">Cliquez ici pour lire l&rsquo;article depuis sa source.<\/a><\/p>\n","protected":false},"excerpt":{"rendered":"<p>Le pr\u00e9sident de l\u2019Assembl\u00e9e nationale, Alassane Bala Sakand\u00e9, a re\u00e7u successivement en audience, le pr\u00e9sident du Conseil national de l\u2019Ordre des m\u00e9decins, Pr Charlemagne Ou\u00e9draogo et celui de l\u2019Union nationale des soci\u00e9t\u00e9s coop\u00e9ratives des producteurs semenciers du Burkina (UNPS-B), Inoussa Ou\u00e9draogo. L\u2019Ordre des m\u00e9decins du Burkina veut un nouveau mode de financement et d\u2019acquisition des [&hellip;]<\/p>\n","protected":false},"author":1816,"featured_media":96320,"comment_status":"closed","ping_status":"closed","sticky":false,"template":"","format":"standard","meta":{"fifu_image_url":"","fifu_image_alt":"","footnotes":""},"categories":[73,81],"tags":[],"class_list":["post-96319","post","type-post","status-publish","format-standard","has-post-thumbnail","hentry","category-actualite","category-burkina-faso"],"_links":{"self":[{"href":"https:\/\/linitiative.ca\/International\/wp-json\/wp\/v2\/posts\/96319","targetHints":{"allow":["GET"]}}],"collection":[{"href":"https:\/\/linitiative.ca\/International\/wp-json\/wp\/v2\/posts"}],"about":[{"href":"https:\/\/linitiative.ca\/International\/wp-json\/wp\/v2\/types\/post"}],"author":[{"embeddable":true,"href":"https:\/\/linitiative.ca\/International\/wp-json\/wp\/v2\/users\/1816"}],"replies":[{"embeddable":true,"href":"https:\/\/linitiative.ca\/International\/wp-json\/wp\/v2\/comments?post=96319"}],"version-history":[{"count":0,"href":"https:\/\/linitiative.ca\/International\/wp-json\/wp\/v2\/posts\/96319\/revisions"}],"wp:featuredmedia":[{"embeddable":true,"href":"https:\/\/linitiative.ca\/International\/wp-json\/"}],"wp:attachment":[{"href":"https:\/\/linitiative.ca\/International\/wp-json\/wp\/v2\/media?parent=96319"}],"wp:term":[{"taxonomy":"category","embeddable":true,"href":"https:\/\/linitiative.ca\/International\/wp-json\/wp\/v2\/categories?post=96319"},{"taxonomy":"post_tag","embeddable":true,"href":"https:\/\/linitiative.ca\/International\/wp-json\/wp\/v2\/tags?post=96319"}],"curies":[{"name":"wp","href":"https:\/\/api.w.org\/{rel}","templated":true}]}}