{"id":96327,"date":"2020-08-20T14:01:20","date_gmt":"2020-08-20T18:01:20","guid":{"rendered":"https:\/\/linitiative.ca\/International\/cameroun-le-pm-dion-ngute-instruit-lintensification-du-depistage-du-covid-19\/"},"modified":"2020-08-20T14:01:20","modified_gmt":"2020-08-20T18:01:20","slug":"cameroun-le-pm-dion-ngute-instruit-lintensification-du-depistage-du-covid-19","status":"publish","type":"post","link":"https:\/\/linitiative.ca\/International\/cameroun-le-pm-dion-ngute-instruit-lintensification-du-depistage-du-covid-19\/","title":{"rendered":"Cameroun : le PM Dion Ngute instruit l\u2019intensification du d\u00e9pistage du Covid-19"},"content":{"rendered":"<div readability=\"32\">\n<p>Publi\u00e9 le 20.08.2020 \u00e0 19h01 par Christian Djimadeu<\/p>\n<\/div>\n<div readability=\"48\">\n<h2 class=\"c6\">Malgr\u00e9 la chute du nombre d\u2019infections, le chef du gouvernement vient de donner des directives \u00e0 ce sujet au ministre de la Sant\u00e9 publique.<\/h2>\n<p class=\"c7\">Le nombre de personnes infect\u00e9es est en nette recul, reconnait le gouvernement camerounais. Seulement 199 personnes ont \u00e9t\u00e9 positives au <strong>Covid-19<\/strong> ces sept derniers jours. \u00a0La pand\u00e9mie a atteint 18\u00a0662 citoyens depuis son d\u00e9clenchement au mois de mars.<\/p>\n<p class=\"c7\">\u00a0Lors de la r\u00e9union d\u2019\u00e9valuation de la strat\u00e9gie de riposte contre le Covid-19 tenue ce 20 ao\u00fbt 2020, le Premier ministre a d\u00e9fini de nouvelles orientations. <strong>Joseph Dion Ngute<\/strong> a prescrit au ministre de la Sant\u00e9 publique de mettre l\u2019accent sur l\u2019intensification des d\u00e9pistages massifs \u00e0 travers la conduite des caravanes itin\u00e9rantes. Il a insist\u00e9 sur la mise en place des unit\u00e9s de pr\u00e9l\u00e8vement au sein des administrations, le renforcement des capacit\u00e9s op\u00e9rationnelles des districts de sant\u00e9 dans la recherche et le suivi des personnes infect\u00e9es. Dion Ngute a souhait\u00e9 une plus grande implication des maires et des leaders religieux dans la sensibilisation au respect des mesures barri\u00e8res.<\/p>\n<p class=\"c7\">En ce qui concerne les masques de protection, l\u2019on apprend de la r\u00e9union au Premier minist\u00e8re que\u00a0 1\u00a0680 000 masques ont \u00e9t\u00e9 con\u00e7us par les artisans locaux.\u00a0 Et que les stocks suppl\u00e9mentaires seront mis sur le march\u00e9 dans les prochaines semaines gr\u00e2ce \u00e0 la dotation issue du Fonds sp\u00e9cial de solidarit\u00e9 nationale pour la lutte contre le Covid-19 et ses r\u00e9percussions \u00e9conomiques et sociales.<\/p>\n<\/div>\n<p>Auteur: Christian DJIMADEU<br \/>\n<a href=\"https:\/\/www.journalducameroun.com\/cameroun-le-pm-dion-ngute-instruit-lintensification-du-depistage-du-covid-19-cameroun\/\">Cliquez ici pour lire l&rsquo;article depuis sa source.<\/a><\/p>\n","protected":false},"excerpt":{"rendered":"<p>Publi\u00e9 le 20.08.2020 \u00e0 19h01 par Christian Djimadeu Malgr\u00e9 la chute du nombre d\u2019infections, le chef du gouvernement vient de donner des directives \u00e0 ce sujet au ministre de la Sant\u00e9 publique. Le nombre de personnes infect\u00e9es est en nette recul, reconnait le gouvernement camerounais. Seulement 199 personnes ont \u00e9t\u00e9 positives au Covid-19 ces sept [&hellip;]<\/p>\n","protected":false},"author":1965,"featured_media":0,"comment_status":"closed","ping_status":"closed","sticky":false,"template":"","format":"standard","meta":{"fifu_image_url":"","fifu_image_alt":"","footnotes":""},"categories":[73,82],"tags":[],"class_list":["post-96327","post","type-post","status-publish","format-standard","hentry","category-actualite","category-cameroun"],"_links":{"self":[{"href":"https:\/\/linitiative.ca\/International\/wp-json\/wp\/v2\/posts\/96327","targetHints":{"allow":["GET"]}}],"collection":[{"href":"https:\/\/linitiative.ca\/International\/wp-json\/wp\/v2\/posts"}],"about":[{"href":"https:\/\/linitiative.ca\/International\/wp-json\/wp\/v2\/types\/post"}],"author":[{"embeddable":true,"href":"https:\/\/linitiative.ca\/International\/wp-json\/wp\/v2\/users\/1965"}],"replies":[{"embeddable":true,"href":"https:\/\/linitiative.ca\/International\/wp-json\/wp\/v2\/comments?post=96327"}],"version-history":[{"count":0,"href":"https:\/\/linitiative.ca\/International\/wp-json\/wp\/v2\/posts\/96327\/revisions"}],"wp:attachment":[{"href":"https:\/\/linitiative.ca\/International\/wp-json\/wp\/v2\/media?parent=96327"}],"wp:term":[{"taxonomy":"category","embeddable":true,"href":"https:\/\/linitiative.ca\/International\/wp-json\/wp\/v2\/categories?post=96327"},{"taxonomy":"post_tag","embeddable":true,"href":"https:\/\/linitiative.ca\/International\/wp-json\/wp\/v2\/tags?post=96327"}],"curies":[{"name":"wp","href":"https:\/\/api.w.org\/{rel}","templated":true}]}}