{"id":96328,"date":"2020-08-20T14:45:42","date_gmt":"2020-08-20T18:45:42","guid":{"rendered":"https:\/\/linitiative.ca\/International\/cameroun-les-affaires-sociales-se-preoccupent-aussi-du-sort-des-petits-freres-de-la-fillette-maltraitee-a-awae\/"},"modified":"2020-08-20T14:45:42","modified_gmt":"2020-08-20T18:45:42","slug":"cameroun-les-affaires-sociales-se-preoccupent-aussi-du-sort-des-petits-freres-de-la-fillette-maltraitee-a-awae","status":"publish","type":"post","link":"https:\/\/linitiative.ca\/International\/cameroun-les-affaires-sociales-se-preoccupent-aussi-du-sort-des-petits-freres-de-la-fillette-maltraitee-a-awae\/","title":{"rendered":"Cameroun: les Affaires sociales se pr\u00e9occupent aussi du sort des petits fr\u00e8res de la fillette maltrait\u00e9e \u00e0 Awae"},"content":{"rendered":"<div readability=\"32\">\n<p>Publi\u00e9 le 20.08.2020 \u00e0 19h45 par JournalduCameroun.com<\/p>\n<\/div>\n<div readability=\"76\">\n<h2>Les quatre fr\u00e8res de Yahwe, enfant de 10 ans secourue cette semaine gr\u00e2ce aux plaintes du voisinage \u00e0 la gendarmerie, vont \u00eatre plac\u00e9s dans un centre d\u2019encadrement d\u2019enfants en d\u00e9tresse, a inform\u00e9 le Minas jeudi 20 ao\u00fbt. Des \u00ab\u00a0s\u00e9vices corporels importants, plaies profondes, cicatrices fra\u00eeches et anciennes\u00a0\u00bb observ\u00e9s sur la fillette<\/h2>\n<p><strong>Yahwe<\/strong>, fillette secourue cette semaine au quartier <strong>Awae<\/strong> (commune du d\u00e9partement de la Mefou-et-Afamba, dans la r\u00e9gion du Centre) gr\u00e2ce aux plaintes des voisins aupr\u00e8s de la gendarmerie, a \u00e9t\u00e9 plac\u00e9e sous soins dans un \u00e9tablissement hospitalier. Le minist\u00e8re des Affaires sociales (Minas), qui suit cette affaire qui pr\u00e9occupe jusqu\u2019au chef du gouvernement, a fait une mise au point ce jeudi sur la situation de cette enfant, de ses parents et de ses fr\u00e8res. JournalduCameroun.com partage int\u00e9gralement les \u00e9l\u00e9ments d\u2019information fournis par la cellule de communication du minist\u00e8re des Affaires sociales.<\/p>\n<p><span class=\"c7\"><strong>Mise au point \u00e0 propos du cas de la petite Yahwe du quartier Awae \u00e0 Yaound\u00e9<\/strong><\/span><\/p>\n<p><em><strong>\u00ab\u00a0Yahwe Ekani<\/strong>, \u00e2g\u00e9e de 10 ans est l\u2019a\u00een\u00e9e d\u2019une fratrie de cinq enfants de 9 ans, 5 ans, 3 ans et 1 an.<\/em><\/p>\n<p><em>Suite au signalement du voisinage \u00e0 la <strong>Brigade de Gendarmerie de Nkomo<\/strong> et m\u00eame aux structures du minist\u00e8re des Affaires sociales pour maltraitance, elle a \u00e9t\u00e9 intern\u00e9e au Centre m\u00e9dical de Nkomo. Selon le <strong>Dr Claude Audrey<\/strong>, la situation sanitaire de l\u2019enfant est la suivante : elle a subit des s\u00e9vices corporels importants, plaies profondes, cicatrices fra\u00eeches et anciennes. Les premiers soins lui ont \u00e9t\u00e9 administr\u00e9s \u00e0 son arriv\u00e9e ainsi qu\u2019une transfusion sanguine.<\/em><\/p>\n<p><em>A l\u2019heure actuelle, les deux parents ont \u00e9t\u00e9 interpell\u00e9s par les \u00e9l\u00e9ments de la gendarmerie.<\/em><\/p>\n<p><em>Les \u00e9quipes de la d\u00e9l\u00e9gation r\u00e9gionale du minist\u00e8re des Affaires sociales assurent un accompagnement psychosocial de la petite Yahwe. Les visites sont r\u00e9duites au corps m\u00e9dical, au personnel du Minas et aux forces de l\u2019ordre.<\/em><\/p>\n<p><em>En attendant de boucler l\u2019enqu\u00eate sociale qui est en cours, le minist\u00e8re des Affaires sociales, \u00e0 travers ses unit\u00e9s techniques op\u00e9rationnelles, va s\u00e9curiser les quatre fr\u00e8res dans un centre d\u2019encadrement d\u2019enfants en d\u00e9tresse du MINAS. La petite Yahwe y retrouvera ses fr\u00e8res apr\u00e8s la prise en charge m\u00e9dicale.\u00a0\u00bb<\/em><\/p>\n<p><strong>Cellule de Communication\/MINAS<\/strong>.<\/p>\n<\/div>\n<p>Auteur: Eug\u00e8ne SHEMA<br \/>\n<a href=\"https:\/\/www.journalducameroun.com\/aff-soc-preocc-pt-fre-fillette-maltraitee-awae\/\">Cliquez ici pour lire l&rsquo;article depuis sa source.<\/a><\/p>\n","protected":false},"excerpt":{"rendered":"<p>Publi\u00e9 le 20.08.2020 \u00e0 19h45 par JournalduCameroun.com Les quatre fr\u00e8res de Yahwe, enfant de 10 ans secourue cette semaine gr\u00e2ce aux plaintes du voisinage \u00e0 la gendarmerie, vont \u00eatre plac\u00e9s dans un centre d\u2019encadrement d\u2019enfants en d\u00e9tresse, a inform\u00e9 le Minas jeudi 20 ao\u00fbt. Des \u00ab\u00a0s\u00e9vices corporels importants, plaies profondes, cicatrices fra\u00eeches et anciennes\u00a0\u00bb observ\u00e9s [&hellip;]<\/p>\n","protected":false},"author":1965,"featured_media":0,"comment_status":"closed","ping_status":"closed","sticky":false,"template":"","format":"standard","meta":{"fifu_image_url":"","fifu_image_alt":"","footnotes":""},"categories":[73,82],"tags":[],"class_list":["post-96328","post","type-post","status-publish","format-standard","hentry","category-actualite","category-cameroun"],"_links":{"self":[{"href":"https:\/\/linitiative.ca\/International\/wp-json\/wp\/v2\/posts\/96328","targetHints":{"allow":["GET"]}}],"collection":[{"href":"https:\/\/linitiative.ca\/International\/wp-json\/wp\/v2\/posts"}],"about":[{"href":"https:\/\/linitiative.ca\/International\/wp-json\/wp\/v2\/types\/post"}],"author":[{"embeddable":true,"href":"https:\/\/linitiative.ca\/International\/wp-json\/wp\/v2\/users\/1965"}],"replies":[{"embeddable":true,"href":"https:\/\/linitiative.ca\/International\/wp-json\/wp\/v2\/comments?post=96328"}],"version-history":[{"count":0,"href":"https:\/\/linitiative.ca\/International\/wp-json\/wp\/v2\/posts\/96328\/revisions"}],"wp:attachment":[{"href":"https:\/\/linitiative.ca\/International\/wp-json\/wp\/v2\/media?parent=96328"}],"wp:term":[{"taxonomy":"category","embeddable":true,"href":"https:\/\/linitiative.ca\/International\/wp-json\/wp\/v2\/categories?post=96328"},{"taxonomy":"post_tag","embeddable":true,"href":"https:\/\/linitiative.ca\/International\/wp-json\/wp\/v2\/tags?post=96328"}],"curies":[{"name":"wp","href":"https:\/\/api.w.org\/{rel}","templated":true}]}}