{"id":96329,"date":"2020-08-20T15:18:02","date_gmt":"2020-08-20T19:18:02","guid":{"rendered":"https:\/\/linitiative.ca\/International\/cote-divoire-presidentielle-2020-il-ny-a-pas-dinteret-a-ce-quon-se-tue-estime-rachel-gogoua\/"},"modified":"2020-08-20T15:18:02","modified_gmt":"2020-08-20T19:18:02","slug":"cote-divoire-presidentielle-2020-il-ny-a-pas-dinteret-a-ce-quon-se-tue-estime-rachel-gogoua","status":"publish","type":"post","link":"https:\/\/linitiative.ca\/International\/cote-divoire-presidentielle-2020-il-ny-a-pas-dinteret-a-ce-quon-se-tue-estime-rachel-gogoua\/","title":{"rendered":"C\u00f4te d\u2019Ivoire\/Pr\u00e9sidentielle 2020: \u00abil n\u2019y a pas d\u2019int\u00e9r\u00eat \u00e0 ce qu\u2019on se tue\u00bb, estime Rachel Gogoua"},"content":{"rendered":"<div readability=\"32\">\n<p>Publi\u00e9 le 20.08.2020 \u00e0 20h18 par APA News<\/p>\n<\/div>\n<div readability=\"72\">\n<p>La pr\u00e9sidente de l\u2019Initiative de la soci\u00e9t\u00e9 pour les objectifs de d\u00e9veloppement durable en C\u00f4te d\u2019Ivoire (ISC\/ODD-CI), Rachel Gouly Gogoua a affirm\u00e9 jeudi \u00e0 Abidjan, dans une conf\u00e9rence de presse, qu\u2019il n\u2019y a pas d\u2019int\u00e9r\u00eat \u00e0 ce que les ivoiriens se tuent pour les \u00e9lections \u00e0 venir.\u00ab (\u2026) Il n\u2019y a pas d\u2019int\u00e9r\u00eat \u00e0 ce qu\u2019on se tue. Il n\u2019y a pas d\u2019int\u00e9r\u00eat \u00e0 ce qu\u2019il y ait enlisement. Les attitudes des uns et des autres doivent tenir compte d\u2019une seule chose. Nous devons faire en sorte que le pays soit pr\u00e9serv\u00e9 \u00bb, a conseill\u00e9 Mme Gogoua regrettant l\u2019atmosph\u00e8re politique d\u00e9l\u00e9t\u00e8re en C\u00f4te d\u2019Ivoire \u00e0 moins de trois mois de la pr\u00e9sidentielle d\u2019octobre prochain.<\/p>\n<p>Elle s\u2019exprimait dans une conf\u00e9rence de lancement des activit\u00e9s de l\u2019ISC\/ODD-CI, une organisation qui entend \u0153uvrer pour la r\u00e9alisation des 17 objectifs de l\u2019agenda 2030 des \u00a0Objectifs de d\u00e9veloppement durable (ODD) en C\u00f4te d\u2019Ivoire.<\/p>\n<p>Poursuivant, elle a indiqu\u00e9 que pour d\u00e9crisper le climat politique dans le pays, son organisation m\u00e8ne des \u00ab actions souterraines \u00bb. \u00ab Ce que nous faisons, c\u2019est de rapprocher les positions. Nous faisons des actions de plaidoyers et de m\u00e9diation \u00bb, a dit Mme Gogoua.<\/p>\n<p>Auparavant, Mme Gogoua a \u00e9gren\u00e9 les activit\u00e9s inscrites sur l\u2019agenda 2020 de son organisation. Au nombre des activit\u00e9s majeures, elle a cit\u00e9 entre autres, le renforcement des capacit\u00e9s des acteurs de la soci\u00e9t\u00e9 civile sur l\u2019agenda 2030 et ses 17 objectifs de d\u00e9veloppement durable, le recensement des activit\u00e9s de la soci\u00e9t\u00e9 civile sp\u00e9cifiques \u00e0 la mise en oeuvre des ODD \u00a0et une concertation entre les Organisations de la soci\u00e9t\u00e9 civile et les fa\u00eeti\u00e8res du secteur priv\u00e9 ivoirien en vue d\u2019un partenariat.<\/p>\n<p>\u00ab Pour 2020, l\u2019ISC\/ODD-CI orientera la contribution de la soci\u00e9t\u00e9 civile \u00e0 la planification du d\u00e9veloppement int\u00e9grant les ODD autour de quatre axes majeurs \u00bb, a pr\u00e9cis\u00e9 Mme Gogoua qui dit \u00eatre satisfaite des activit\u00e9s r\u00e9alis\u00e9es par son institution l\u2019ann\u00e9e derni\u00e8re.<\/p>\n<p>\u00ab Nous sommes satisfaits. Nous pensons que c\u2019est un tr\u00e8s bon bilan\u00bb, s\u2019est-elle f\u00e9licit\u00e9e assurant que la C\u00f4te d\u2019Ivoire est \u00a0sur la \u00ab bonne voie \u00bb pour la r\u00e9alisation des 17 objectifs de d\u00e9veloppement durable d\u2019ici \u00e0 2030.<\/p>\n<\/div>\n<p>Auteur: APA News<br \/>\n<a href=\"https:\/\/www.journalducameroun.com\/cote-divoire-presidentielle-2020-il-ny-a-pas-dinteret-a-ce-quon-se-tue-estime-rachel-gogoua\/\">Cliquez ici pour lire l&rsquo;article depuis sa source.<\/a><\/p>\n","protected":false},"excerpt":{"rendered":"<p>Publi\u00e9 le 20.08.2020 \u00e0 20h18 par APA News La pr\u00e9sidente de l\u2019Initiative de la soci\u00e9t\u00e9 pour les objectifs de d\u00e9veloppement durable en C\u00f4te d\u2019Ivoire (ISC\/ODD-CI), Rachel Gouly Gogoua a affirm\u00e9 jeudi \u00e0 Abidjan, dans une conf\u00e9rence de presse, qu\u2019il n\u2019y a pas d\u2019int\u00e9r\u00eat \u00e0 ce que les ivoiriens se tuent pour les \u00e9lections \u00e0 venir.\u00ab [&hellip;]<\/p>\n","protected":false},"author":1965,"featured_media":0,"comment_status":"closed","ping_status":"closed","sticky":false,"template":"","format":"standard","meta":{"fifu_image_url":"","fifu_image_alt":"","footnotes":""},"categories":[73,82],"tags":[],"class_list":["post-96329","post","type-post","status-publish","format-standard","hentry","category-actualite","category-cameroun"],"_links":{"self":[{"href":"https:\/\/linitiative.ca\/International\/wp-json\/wp\/v2\/posts\/96329","targetHints":{"allow":["GET"]}}],"collection":[{"href":"https:\/\/linitiative.ca\/International\/wp-json\/wp\/v2\/posts"}],"about":[{"href":"https:\/\/linitiative.ca\/International\/wp-json\/wp\/v2\/types\/post"}],"author":[{"embeddable":true,"href":"https:\/\/linitiative.ca\/International\/wp-json\/wp\/v2\/users\/1965"}],"replies":[{"embeddable":true,"href":"https:\/\/linitiative.ca\/International\/wp-json\/wp\/v2\/comments?post=96329"}],"version-history":[{"count":0,"href":"https:\/\/linitiative.ca\/International\/wp-json\/wp\/v2\/posts\/96329\/revisions"}],"wp:attachment":[{"href":"https:\/\/linitiative.ca\/International\/wp-json\/wp\/v2\/media?parent=96329"}],"wp:term":[{"taxonomy":"category","embeddable":true,"href":"https:\/\/linitiative.ca\/International\/wp-json\/wp\/v2\/categories?post=96329"},{"taxonomy":"post_tag","embeddable":true,"href":"https:\/\/linitiative.ca\/International\/wp-json\/wp\/v2\/tags?post=96329"}],"curies":[{"name":"wp","href":"https:\/\/api.w.org\/{rel}","templated":true}]}}