{"id":96330,"date":"2020-08-20T15:18:04","date_gmt":"2020-08-20T19:18:04","guid":{"rendered":"https:\/\/linitiative.ca\/International\/covid-19-des-kits-sanitaires-de-lallemagne-a-la-commission-nationale-des-frontieres-de-cote-divoire\/"},"modified":"2020-08-20T15:18:04","modified_gmt":"2020-08-20T19:18:04","slug":"covid-19-des-kits-sanitaires-de-lallemagne-a-la-commission-nationale-des-frontieres-de-cote-divoire","status":"publish","type":"post","link":"https:\/\/linitiative.ca\/International\/covid-19-des-kits-sanitaires-de-lallemagne-a-la-commission-nationale-des-frontieres-de-cote-divoire\/","title":{"rendered":"Covid-19: des kits sanitaires de l\u2019Allemagne \u00e0 la Commission nationale des fronti\u00e8res de C\u00f4te d\u2019Ivoire"},"content":{"rendered":"<div readability=\"32\">\n<p>Publi\u00e9 le 20.08.2020 \u00e0 20h18 par APA News<\/p>\n<\/div>\n<div readability=\"93\">\n<p>L\u2019ambassadeur de la R\u00e9publique f\u00e9d\u00e9rale d\u2019Allemagne en C\u00f4te d\u2019Ivoire, Ingo Herbert, a proc\u00e9d\u00e9, jeudi \u00e0 Abidjan, \u00e0 la remise d\u2019un important lot d\u2019\u00e9quipements et de mat\u00e9riels sanitaires \u00e0 la Commission nationale des fronti\u00e8res de C\u00f4te d\u2019Ivoire (CNFCI) pour la lutte contre la Covid-19 dans les zones frontali\u00e8res ivoiriennes.\u00ab Je voudrais signaler que la R\u00e9publique F\u00e9d\u00e9rale d\u2019Allemagne, \u00e0 travers son agence de coop\u00e9ration et de d\u00e9veloppement (ndr, GIZ) est le pr\u00e9curseur des partenaires techniques et financiers de la CNFCI \u00bb, a d\u00e9clar\u00e9 le Secr\u00e9taire ex\u00e9cutif de la CNFCI, Diakalidia Konat\u00e9, ajoutant que ce projet financ\u00e9 par la GIZ vise \u00e0 renforcer la s\u00e9curit\u00e9 physique et sanitaire ainsi que la paix dans les zones frontali\u00e8res de la C\u00f4te d\u2019Ivoire.<\/p>\n<p>Ce projet d\u2019un co\u00fbt global de 47 017 000 FCFA est consacr\u00e9 \u00e0 la sensibilisation et \u00e0 la communication sur la Covid-19. La formation \u00e0 la cohabitation pacifique et aux gestes barri\u00e8res et l\u2019acquisition de mat\u00e9riels et \u00e9quipements figurent \u00e9galement au menu de ce projet dont les activit\u00e9s ciblent 24 villages r\u00e9partis dans cinq d\u00e9partements de la zone frontali\u00e8re nord que sont Doropo, Ti\u00e9hini, Sikolo (Kong), Katogo (M\u2019Bengu\u00e9) et Mahandiana-Sokourani (Kaniasso).<\/p>\n<p>Auparavant, l\u2019ambassadeur allemand a rappel\u00e9 que l\u2019appui de son pays \u00e0 cet ambitieux programme, dont la C\u00f4te d\u2019Ivoire est l\u2019un des 26 pays b\u00e9n\u00e9ficiaires, s\u2019est traduit par le financement dudit programme par le minist\u00e8re f\u00e9d\u00e9ral allemand des affaires \u00e9trang\u00e8res.<\/p>\n<p>\u00ab Cet appui qui est mis en \u0153uvre par la coop\u00e9ration allemande (GIZ) s\u2019articule autour de la d\u00e9limitation\/d\u00e9marcation des fronti\u00e8res, de la coop\u00e9ration transfrontali\u00e8re et du renforcement des capacit\u00e9s des Etats membres de l\u2019Union africaine \u00bb, a-t-il expliqu\u00e9.<\/p>\n<p>\u00ab Cette contribution de notre pays est destin\u00e9e aux zones frontali\u00e8res qui sont assez \u00e9loign\u00e9es de la capitale et des grandes villes, et sont souvent en manque d\u2019informations et de mat\u00e9riels de lutte contre la pand\u00e9mie de la Covid-19 qui secoue aujourd\u2019hui le monde entier \u00bb, a pr\u00e9cis\u00e9 M. Herbert.<\/p>\n<p>Selon lui, ce soutien contribuera au respect des mesures barri\u00e8res au niveau des postes de contr\u00f4le et centres de sant\u00e9 frontaliers et appuiera les comit\u00e9s communaux de lutte contre la Covid-19 se trouvant dans les zones frontali\u00e8res pour la sensibilisation\/formation des populations.<\/p>\n<p>La Commission nationale des fronti\u00e8res de la C\u00f4te d\u2019Ivoire (CNFCI) a pour mission d\u2019assister le gouvernement dans la conception, la d\u00e9finition et la mise en \u0153uvre des politique et strat\u00e9gie nationales des fronti\u00e8res.<\/p>\n<p>Elle est charg\u00e9e notamment de faire des suggestions ou propositions au gouvernement en mati\u00e8re de d\u00e9limitation, de mat\u00e9rialisation et de gestion des fronti\u00e8res. La CNFCI a \u00e9galement pour mission de veiller \u00e0 la mise en \u0153uvre effective des politique et strat\u00e9gie nationales par le Secr\u00e9tariat ex\u00e9cutif.<\/p>\n<p>Enfin, la Commission nationale des fronti\u00e8res de la C\u00f4te d\u2019Ivoire doit veiller \u00e0 la pr\u00e9vention et au r\u00e8glement des litiges frontaliers pouvant surgir entre la C\u00f4te d\u2019Ivoire et les pays limitrophes.<\/p>\n<\/div>\n<p>Auteur: APA News<br \/>\n<a href=\"https:\/\/www.journalducameroun.com\/covid-19-des-kits-sanitaires-de-lallemagne-a-la-commission-nationale-des-frontieres-de-cote-divoire\/\">Cliquez ici pour lire l&rsquo;article depuis sa source.<\/a><\/p>\n","protected":false},"excerpt":{"rendered":"<p>Publi\u00e9 le 20.08.2020 \u00e0 20h18 par APA News L\u2019ambassadeur de la R\u00e9publique f\u00e9d\u00e9rale d\u2019Allemagne en C\u00f4te d\u2019Ivoire, Ingo Herbert, a proc\u00e9d\u00e9, jeudi \u00e0 Abidjan, \u00e0 la remise d\u2019un important lot d\u2019\u00e9quipements et de mat\u00e9riels sanitaires \u00e0 la Commission nationale des fronti\u00e8res de C\u00f4te d\u2019Ivoire (CNFCI) pour la lutte contre la Covid-19 dans les zones frontali\u00e8res [&hellip;]<\/p>\n","protected":false},"author":1965,"featured_media":0,"comment_status":"closed","ping_status":"closed","sticky":false,"template":"","format":"standard","meta":{"fifu_image_url":"","fifu_image_alt":"","footnotes":""},"categories":[73,82],"tags":[],"class_list":["post-96330","post","type-post","status-publish","format-standard","hentry","category-actualite","category-cameroun"],"_links":{"self":[{"href":"https:\/\/linitiative.ca\/International\/wp-json\/wp\/v2\/posts\/96330","targetHints":{"allow":["GET"]}}],"collection":[{"href":"https:\/\/linitiative.ca\/International\/wp-json\/wp\/v2\/posts"}],"about":[{"href":"https:\/\/linitiative.ca\/International\/wp-json\/wp\/v2\/types\/post"}],"author":[{"embeddable":true,"href":"https:\/\/linitiative.ca\/International\/wp-json\/wp\/v2\/users\/1965"}],"replies":[{"embeddable":true,"href":"https:\/\/linitiative.ca\/International\/wp-json\/wp\/v2\/comments?post=96330"}],"version-history":[{"count":0,"href":"https:\/\/linitiative.ca\/International\/wp-json\/wp\/v2\/posts\/96330\/revisions"}],"wp:attachment":[{"href":"https:\/\/linitiative.ca\/International\/wp-json\/wp\/v2\/media?parent=96330"}],"wp:term":[{"taxonomy":"category","embeddable":true,"href":"https:\/\/linitiative.ca\/International\/wp-json\/wp\/v2\/categories?post=96330"},{"taxonomy":"post_tag","embeddable":true,"href":"https:\/\/linitiative.ca\/International\/wp-json\/wp\/v2\/tags?post=96330"}],"curies":[{"name":"wp","href":"https:\/\/api.w.org\/{rel}","templated":true}]}}