{"id":96342,"date":"2020-08-21T09:00:34","date_gmt":"2020-08-21T13:00:34","guid":{"rendered":"https:\/\/linitiative.ca\/International\/la-fin-du-monde-naura-pas-lieu\/"},"modified":"2020-08-21T09:00:34","modified_gmt":"2020-08-21T13:00:34","slug":"la-fin-du-monde-naura-pas-lieu","status":"publish","type":"post","link":"https:\/\/linitiative.ca\/International\/la-fin-du-monde-naura-pas-lieu\/","title":{"rendered":"La fin du monde n\u2019aura pas lieu"},"content":{"rendered":"<header>\n<\/header>\n<div class=\"entry-content clearfix\" readability=\"64\"><img decoding=\"async\" class=\"post_layout_5_img\" src=\"https:\/\/aujourdhui.ma\/wp-content\/uploads\/2020\/05\/Dr-Imane-Kendili.jpg\" alt=\"La fin du monde n&#x2019;aura pas lieu\"\/><\/p>\n<p><strong>Nous sommes dans un temps de solidarit\u00e9 oblig\u00e9e, non pas des Marocains, mais des humains.<\/strong> <span id=\"more-353616\"\/><\/p>\n<p><a href=\"https:\/\/aujourdhui.ma\/wp-content\/uploads\/2020\/05\/Dr-Imane-Kendili-1.jpg\"><img loading=\"lazy\" decoding=\"async\" class=\" wp-image-345687\" src=\"https:\/\/aujourdhui.ma\/wp-content\/uploads\/2020\/05\/Dr-Imane-Kendili-1-294x300.jpg\" alt=\"\" width=\"192\" height=\"196\" srcset=\"\/\/aujourdhui.ma\/wp-content\/uploads\/2020\/05\/Dr-Imane-Kendili-1-294x300.jpg 294w, \/\/aujourdhui.ma\/wp-content\/uploads\/2020\/05\/Dr-Imane-Kendili-1-36x36.jpg 36w, \/\/aujourdhui.ma\/wp-content\/uploads\/2020\/05\/Dr-Imane-Kendili-1.jpg 373w\" sizes=\"auto, (max-width: 192px) 100vw, 192px\"\/><\/a><strong><span class=\"c5\">Par Dr Imane Kendili<\/span><\/strong><br \/><strong><span class=\"c5\">Psychiatre-addictologue<\/span><\/strong><\/p>\n<p>Il semblerait que toutes les th\u00e9ories alarmistes \u00e0 consonance psychotique des \u00e9cologistes, ou encore des plus critiqu\u00e9s collapsologues, soient aujourd\u2019hui un tournant de r\u00e9flexion \u00e0 investir.<br \/>Des pr\u00e9visions de Nostradamus en arrivant \u00e0 Greta Thunberg et ses gr\u00e8ves pour le climat \u00e0 Davos, sans oublier le petit manuel de collapsologie de Servigne et Stevens, il semble \u00e9vident que l\u2019homme soit le r\u00e9sident inhabituel sur Terre puisque le seul \u00e0 adapter son environnement \u00e0 ses d\u00e9sirs et son confort mouvants ; au lieu de s\u2019adapter \u00e0 son \u00e9cosyst\u00e8me. Il a ainsi puis\u00e9 dans la Terre-M\u00e8re et a \u00e9rig\u00e9 une civilisation thermo-industrielle macrophage. Les pr\u00e9visions sont claires : dans moins de 30 ans nous n\u2019aurons plus la capacit\u00e9 d\u2019\u00e9nergie pour fonctionner. Les r\u00e9serves pr\u00e9voient 1\/3 de la capacit\u00e9 actuelle et les \u00e9nergies renouvelables sont un r\u00eave chim\u00e9rique derri\u00e8re lequel on se cache afin de continuer la course technologique autodestructrice, laquelle, en fin de compte, assoit l\u2019homme dans un libre arbitre souvent d\u00e9ni\u00e9 philosophiquement, mais bien pr\u00e9sent en une conduite suicidaire de toute l\u2019humanit\u00e9.<br \/>Il faut se rendre \u00e0 l\u2019\u00e9vidence que l\u2019\u00e9nergie solaire requiert du soleil et qu\u2019elle est intermittente. Il faut aussi se dire que les \u00e9oliennes sont tributaires du vent. Et surtout s\u2019enqu\u00e9rir de la r\u00e9alit\u00e9 logistique et du co\u00fbt. Car, que nous le voulions ou non, la balance des b\u00e9n\u00e9fices reste le pilier principal de r\u00e9flexion mondiale.<br \/>Mobiliser et pr\u00e9venir ont \u00e9t\u00e9 les ma\u00eetres mots. La \u00abtransition\u00bb en tant que strat\u00e9gie de transformation progressive de nos soci\u00e9t\u00e9s industrielles en soci\u00e9t\u00e9s soutenables ne semble pas fonctionner. La r\u00e9alit\u00e9 est que cette \u00abtransition\u00bb s\u2019est enkyst\u00e9e au stade de th\u00e9orisation et m\u00e9diatisation. L\u2019avenir de l\u2019humanit\u00e9 est en fait une conversation de salons en milieu Bobo chic, ou encore, un budget appr\u00eat\u00e9 \u00e0 de belles organisations \u00e9cologiques pleines de bon sens, de passions et de recommandations mais aux r\u00e9percussions restant tr\u00e8s limit\u00e9es.<br \/>Pourquoi ?<br \/>Pourtant si l\u2019effondrement a lieu, m\u00eame les mieux n\u00e9s dans des soi-disant continents nantis, ne pourront pas d\u00e9m\u00e9nager en des lieux interplan\u00e9taires s\u00fbrs. L\u2019homme dans sa course d\u2019exploitation de la Terre n\u2019a pas une option Terre 2. Mais alors, l\u2019effondrement concernerait une s\u00e9lection naturelle. Cette s\u00e9lection naturelle se ferait-elle par l\u2019eau ? Par le feu ?<br \/>Je ne sais pas. Par contre, ce qui est scientifiquement \u00e9vident est le r\u00e9chauffement climatique, la fonte des calottes glaci\u00e8res et la d\u00e9stabilisation de l\u2019\u00e9cosyst\u00e8me en entier. Les cons\u00e9quences sont \u00e9galement soulign\u00e9es et \u00e9videntes. L\u2019augmentation des crises alimentaires et de l\u2019eau. Or, la Terre est surpeupl\u00e9e.<br \/>Par ailleurs, l\u2019augmentation croissante des gaz \u00e0 effet de serre contribue au r\u00e9chauffement climatique.<br \/>A l\u2019origine des causes et des cons\u00e9quences cit\u00e9es : les activit\u00e9s humaines. L\u2019exploitation des combustibles fossiles et les d\u00e9forestations.<br \/>Ces \u00e9l\u00e9ments ne sont pas nouveaux. Ils sont d\u2019actualit\u00e9 avec l\u2019arriv\u00e9e de la Covid amenant l\u2019homme \u00e0 sa r\u00e9alit\u00e9 non immuable. La temp\u00e9rature actuelle n\u2019a jamais \u00e9t\u00e9 atteinte depuis 2 millions d\u2019ann\u00e9es selon les scientifiques et le 5\u00e8me rapport du GIEC. Aurions-nous maladroitement mal interpr\u00e9t\u00e9 les sch\u00e9mas griffonn\u00e9s de Fulcanelli \u00e0 Julien Champagne ? Aurions-nous inconsciemment refoul\u00e9 l\u2019in\u00e9vitable ? Serions-nous en train de vivre le Finis Gloria Mundi remis \u00e0 Canseliet ? L\u2019homme court-il \u00e0 sa perte ?<br \/>Le plus risible est que contrairement \u00e0 ce que nous pourrions penser, nous ne sommes qu\u2019une niche de l\u2019\u00e9cosyst\u00e8me. Et si nous \u00e9tions amen\u00e9s \u00e0 dispara\u00eetre, ce serait une niche de moins et non un monde de moins.<br \/>D\u2019autres esp\u00e8ces plus r\u00e9sistantes ont disparu. Pourquoi l\u2019Homme dans son narcissisme idiocratique et malgr\u00e9 son intelligence et sa m\u00e9moire a-t-il occult\u00e9 une m\u00e9moire collective h\u00e9rit\u00e9e pour reproduire son d\u00e9clin de mani\u00e8re freudienne ?<br \/>Mieux encore ! Comment l\u2019homme peut-il avoir la pr\u00e9tention de penser que le monde finirait avec lui ? Comment un \u00eatre aussi finement intelligent serait en m\u00eame temps aussi cr\u00e9dule et autocentr\u00e9?<br \/>La Covid a pourtant soulign\u00e9 la fragilit\u00e9 de l\u2019homme et des syst\u00e8mes de sant\u00e9 mondiaux. Aucune technologie ni aucun PIB n\u2019ont permis l\u2019\u00e9radication d\u2019un virus ni la protection de l\u2019homme. Une deuxi\u00e8me vague pointe du nez et se terrer reste la solution premi\u00e8re. Retour aux grottes. Syst\u00e8me familial nucl\u00e9aire primal.<br \/>Pourtant, \u00e0 y voir de plus pr\u00e8s, on continue \u00e0 fuir la r\u00e9alit\u00e9. On attend un retour \u00e0 une vie dite normale. On sort, on va \u00e0 la plage. On s\u2019\u00bb\u00e2me\u00bb -use. Car l\u2019homme se pense incontournable dans l\u2019\u00e9cosyst\u00e8me. Et si tout reprenait sans lui ?<br \/>La fin d\u2019un monde certes. Mais en aucun cas la fin du monde.<\/p>\n<\/div>\n<p>Auteur: ALM<br \/>\n<a href=\"https:\/\/aujourdhui.ma\/chroniques\/la-fin-du-monde-naura-pas-lieu\">Cliquez ici pour lire l&rsquo;article depuis sa source.<\/a><\/p>\n","protected":false},"excerpt":{"rendered":"<p>Nous sommes dans un temps de solidarit\u00e9 oblig\u00e9e, non pas des Marocains, mais des humains. Par Dr Imane KendiliPsychiatre-addictologue Il semblerait que toutes les th\u00e9ories alarmistes \u00e0 consonance psychotique des \u00e9cologistes, ou encore des plus critiqu\u00e9s collapsologues, soient aujourd\u2019hui un tournant de r\u00e9flexion \u00e0 investir.Des pr\u00e9visions de Nostradamus en arrivant \u00e0 Greta Thunberg et ses [&hellip;]<\/p>\n","protected":false},"author":1759,"featured_media":96343,"comment_status":"closed","ping_status":"closed","sticky":false,"template":"","format":"standard","meta":{"fifu_image_url":"","fifu_image_alt":"","footnotes":""},"categories":[73,54],"tags":[],"class_list":["post-96342","post","type-post","status-publish","format-standard","has-post-thumbnail","hentry","category-actualite","category-maroc"],"_links":{"self":[{"href":"https:\/\/linitiative.ca\/International\/wp-json\/wp\/v2\/posts\/96342","targetHints":{"allow":["GET"]}}],"collection":[{"href":"https:\/\/linitiative.ca\/International\/wp-json\/wp\/v2\/posts"}],"about":[{"href":"https:\/\/linitiative.ca\/International\/wp-json\/wp\/v2\/types\/post"}],"author":[{"embeddable":true,"href":"https:\/\/linitiative.ca\/International\/wp-json\/wp\/v2\/users\/1759"}],"replies":[{"embeddable":true,"href":"https:\/\/linitiative.ca\/International\/wp-json\/wp\/v2\/comments?post=96342"}],"version-history":[{"count":0,"href":"https:\/\/linitiative.ca\/International\/wp-json\/wp\/v2\/posts\/96342\/revisions"}],"wp:featuredmedia":[{"embeddable":true,"href":"https:\/\/linitiative.ca\/International\/wp-json\/"}],"wp:attachment":[{"href":"https:\/\/linitiative.ca\/International\/wp-json\/wp\/v2\/media?parent=96342"}],"wp:term":[{"taxonomy":"category","embeddable":true,"href":"https:\/\/linitiative.ca\/International\/wp-json\/wp\/v2\/categories?post=96342"},{"taxonomy":"post_tag","embeddable":true,"href":"https:\/\/linitiative.ca\/International\/wp-json\/wp\/v2\/tags?post=96342"}],"curies":[{"name":"wp","href":"https:\/\/api.w.org\/{rel}","templated":true}]}}