{"id":96346,"date":"2020-08-21T11:00:07","date_gmt":"2020-08-21T15:00:07","guid":{"rendered":"https:\/\/linitiative.ca\/International\/entretien-avec-anas-bouanani-artiste-peintre-jai-des-projets-plein-la-tete\/"},"modified":"2020-08-21T11:00:07","modified_gmt":"2020-08-21T15:00:07","slug":"entretien-avec-anas-bouanani-artiste-peintre-jai-des-projets-plein-la-tete","status":"publish","type":"post","link":"https:\/\/linitiative.ca\/International\/entretien-avec-anas-bouanani-artiste-peintre-jai-des-projets-plein-la-tete\/","title":{"rendered":"Entretien avec Anas Bouanani, artiste-peintre : \u00abJ\u2019ai des projets plein la t\u00eate\u00bb"},"content":{"rendered":"<p><img decoding=\"async\" class=\"post_layout_5_img\" src=\"http:\/\/aujourdhui.ma\/wp-content\/uploads\/2020\/08\/Anas-Bouanani.jpg\" alt=\"Entretien avec Anas Bouanani, artiste-peintre : &#xAB;J&#x2019;ai des projets plein la t&#xEA;te&#xBB;\"\/><\/p>\n<p><span class=\"c5\"><strong>Anas Bouanani nous parle de sa participation, parmi d\u2019autres artistes za\u00eflachis, \u00e0 la r\u00e9alisation des peintures murales dans la m\u00e9dina d\u2019Asilah.<\/strong><\/span><span id=\"more-353622\"\/><\/p>\n<p><strong><span class=\"c5\">ALM<\/span><\/strong> : <span class=\"c6\"><strong>Que repr\u00e9sente pour vous le fait de participer \u00e0 cet \u00e9v\u00e9nement ?<\/strong><\/span><br \/><span class=\"c5\"><strong>Anas Bouanani<\/strong><\/span> : Apr\u00e8s ma participation \u00e0 plusieurs expositions et ateliers de peinture organis\u00e9s dans le cadre du Moussem d\u2019Asilah, j\u2019ai \u00e9t\u00e9 tr\u00e8s enthousiasm\u00e9 de prendre part pour la premi\u00e8re fois aux peintures murales dont se distingue Asilah pendant de longues ann\u00e9es. J\u2019avais d\u00fb m\u2019excuser \u00e0 maintes reprises de ne pouvoir y participer en raison de mes contraintes techniques li\u00e9es \u00e0 mon travail artistique. J\u2019ai affich\u00e9 mon grand enthousiasme et mon appr\u00e9ciation pour l\u2019id\u00e9e de l\u2019organisation de ce mini-moussem d\u00e8s notre premi\u00e8re r\u00e9union avec le secr\u00e9taire g\u00e9n\u00e9ral de la Fondation du Forum d\u2019Asilah, Mohamed Bena\u00efssa, dans le cadre des pr\u00e9paratifs de cet \u00e9v\u00e9nement. Surtout que son but est de ressusciter un sentiment de gaiet\u00e9 et de qui\u00e9tude parmi la population, tout en les sensibilisant au respect des mesures sanitaires face \u00e0 la pand\u00e9mie Covid-19. Je me sentais encore plus fier de cette participation lorsque j\u2019entendais M. Bena\u00efssa r\u00e9p\u00e9ter lors de ses visites habituelles \u00e0 l\u2019atelier de peinture murale que ce mini-moussem lui rappelait la premi\u00e8re \u00e9dition du Moussem culturel d\u2019Asilah, dont les travaux avaient eu lieu en 1978.<\/p>\n<p><span class=\"c6\"><strong>Qu\u2019est-ce qui vous a inspir\u00e9 pour la r\u00e9alisation de votre peinture murale ?<\/strong><\/span><br \/>Mon \u0153uvre artistique \u00abLettre \u00e0 mon pays\u00bb est inspir\u00e9e d\u2019un po\u00e8me en arabe intitul\u00e9 \u00abAgharid Achabab\u00bb (Les chansons de la jeunesse) du d\u00e9funt Moghit Abdessalam Bouanani. J\u2019ai repris dans cette \u0153uvre artistique un passage de ce texte po\u00e9tique pour v\u00e9hiculer un message plein d\u2019amour et de reconnaissance \u00e0 l\u2019\u00e9gard de mon pays pour son soutien aux citoyens, leur permettant de surmonter avec courage ces moments difficiles. Au niveau technique, j\u2019ai utilis\u00e9 dans ma peinture le sable cru qui renvoie \u00e0 la mer, qui est un sujet omnipr\u00e9sent dans mon travail. J\u2019ai aussi opt\u00e9 c\u00f4t\u00e9 chromatique pour mes couleurs lumineuses habituelles, surtout le bleu et le blanc, sp\u00e9cifiques \u00e0 Asilah. Je cherche ainsi \u00e0 exprimer mon amour pour ma ville natale et \u00e0 refl\u00e9ter en m\u00eame temps l\u2019espoir parmi ses habitants.<br \/>J\u2019ai eu la chance de r\u00e9aliser ma peinture sur un mur qui fait partie de l\u2019ancienne muraille historique d\u2019Asilah. J\u2019en ai profit\u00e9 pour refl\u00e9ter des qualit\u00e9s esth\u00e9tiques et son aspect historique dans mon travail. J\u2019ai \u00e9galement essay\u00e9 de m\u2019inspirer des motifs de parterre dessin\u00e9s par le grand artiste za\u00eflachi Mohamed Melehi et cofondateur du Moussem dans la r\u00e9alisation de ma peinture murale.<\/p>\n<p><span class=\"c6\"><strong>Pourriez-vous nous parler de votre participation \u00e0 l\u2019exposition collective organis\u00e9e dans le cadre de cet \u00e9v\u00e9nement ?<\/strong><\/span><\/p>\n<p>L\u2019id\u00e9e de la Fondation du Forum d\u2019Asilah est d\u2019organiser une exposition des \u0153uvres des peintres za\u00eflachis r\u00e9alis\u00e9es pendant le confinement sanitaire. Ce qui a permis aux artistes de partager avec le public leurs sentiments pendant cette p\u00e9riode exceptionnelle. Personnellement, j\u2019ai choisi pour cette exposition mes plus belles \u0153uvres r\u00e9alis\u00e9es pendant le confinement et en rapport avec l\u2019objectif de cet \u00e9v\u00e9nement qui est de ressusciter l\u2019espoir au sein des habitants de la ville.<\/p>\n<p><span class=\"c6\"><strong>Etes-vous influenc\u00e9 par les artistes de renom rencontr\u00e9s lorsque vous \u00e9tiez enfant \u00e0 l\u2019atelier de peinture?<\/strong><\/span><\/p>\n<p>Je commence par une citation d\u2019un psychanalyste fran\u00e7ais qui a dit : Le paradoxe de la condition humaine, c\u2019est qu\u2019on ne peut devenir soi-m\u00eame que sous l\u2019influence des autres. Je ne peux pas dire que je suis influenc\u00e9 par certains artistes et non pas les autres comme je ne peux pas dire que je n\u2019ai pas \u00e9t\u00e9 influenc\u00e9 par aucun. Mais l\u2019essentiel dans l\u2019acte cr\u00e9atif c\u2019est de ne pas tomber dans le plagiat et le copiage,\u2026<\/p>\n<p><strong><span class=\"c6\">Avez-vous un projet d\u2019exposition ?<\/span><\/strong><\/p>\n<p>Comme la plupart des artistes, j\u2019ai des projets plein la t\u00eate. Je me pr\u00e9pare actuellement pour une exposition individuelle pour l\u2019ann\u00e9e prochaine. Je suis s\u00e9lectionn\u00e9 pour la biennale internationale \u00ab5th European International Book Art Biennale\u00bb, pr\u00e9vue le mois prochain en Roumanie. Je participe parmi des artistes-peintres marocains \u00e0 l\u2019exposition nationale \u00abMains de lumi\u00e8re\u00bb, organis\u00e9e sous le Haut patronage de SM le Roi Mohammed VI et \u00e0 l\u2019initiative du Syndicat marocain des artistes plasticiens professionnels (SMAPP), l\u2019Association marocaine des arts plastiques (AMAP) et Nobly\u2019s Gallery et avec le soutien du d\u00e9partement de la culture. Apr\u00e8s Rabat, F\u00e8s, Tanger, T\u00e9touan et Casablanca, cette exposition poursuivra son itin\u00e9raire \u00e0 Marrakech, Oujda, El Jadida et La\u00e2youne.<\/p>\n<p><a href=\"https:\/\/aujourdhui.ma\/wp-content\/uploads\/2020\/08\/116711696_10220886193859050_4931287823725395743_o.jpg\"><img loading=\"lazy\" decoding=\"async\" class=\"size-medium wp-image-353625 aligncenter\" src=\"http:\/\/aujourdhui.ma\/wp-content\/uploads\/2020\/08\/116711696_10220886193859050_4931287823725395743_o-300x225.jpg\" alt=\"\" width=\"300\" height=\"225\" srcset=\"http:\/\/aujourdhui.ma\/wp-content\/uploads\/2020\/08\/116711696_10220886193859050_4931287823725395743_o-300x225.jpg 300w, \/\/aujourdhui.ma\/wp-content\/uploads\/2020\/08\/116711696_10220886193859050_4931287823725395743_o-1024x768.jpg 1024w, \/\/aujourdhui.ma\/wp-content\/uploads\/2020\/08\/116711696_10220886193859050_4931287823725395743_o-768x576.jpg 768w, \/\/aujourdhui.ma\/wp-content\/uploads\/2020\/08\/116711696_10220886193859050_4931287823725395743_o-1536x1152.jpg 1536w, \/\/aujourdhui.ma\/wp-content\/uploads\/2020\/08\/116711696_10220886193859050_4931287823725395743_o.jpg 1728w\" sizes=\"auto, (max-width: 300px) 100vw, 300px\"\/><\/a> <a href=\"https:\/\/aujourdhui.ma\/wp-content\/uploads\/2020\/08\/116796259_10220880879526195_8254880681023357284_o.jpg\"><img loading=\"lazy\" decoding=\"async\" class=\"size-medium wp-image-353626 aligncenter\" src=\"http:\/\/aujourdhui.ma\/wp-content\/uploads\/2020\/08\/116796259_10220880879526195_8254880681023357284_o-300x300.jpg\" alt=\"\" width=\"300\" height=\"300\" srcset=\"http:\/\/aujourdhui.ma\/wp-content\/uploads\/2020\/08\/116796259_10220880879526195_8254880681023357284_o-300x300.jpg 300w, \/\/aujourdhui.ma\/wp-content\/uploads\/2020\/08\/116796259_10220880879526195_8254880681023357284_o-1024x1022.jpg 1024w, \/\/aujourdhui.ma\/wp-content\/uploads\/2020\/08\/116796259_10220880879526195_8254880681023357284_o-150x150.jpg 150w, \/\/aujourdhui.ma\/wp-content\/uploads\/2020\/08\/116796259_10220880879526195_8254880681023357284_o-768x766.jpg 768w, \/\/aujourdhui.ma\/wp-content\/uploads\/2020\/08\/116796259_10220880879526195_8254880681023357284_o-36x36.jpg 36w, \/\/aujourdhui.ma\/wp-content\/uploads\/2020\/08\/116796259_10220880879526195_8254880681023357284_o.jpg 1440w\" sizes=\"auto, (max-width: 300px) 100vw, 300px\"\/><\/a><\/p>\n<p>Auteur: Najat Fa\u00efssal<br \/>\n<a href=\"https:\/\/aujourdhui.ma\/culture\/entretien-avec-anas-bouanani-artiste-peintre-jai-des-projets-plein-la-tete\">Cliquez ici pour lire l&rsquo;article depuis sa source.<\/a><\/p>\n","protected":false},"excerpt":{"rendered":"<p>Anas Bouanani nous parle de sa participation, parmi d\u2019autres artistes za\u00eflachis, \u00e0 la r\u00e9alisation des peintures murales dans la m\u00e9dina d\u2019Asilah. ALM : Que repr\u00e9sente pour vous le fait de participer \u00e0 cet \u00e9v\u00e9nement ?Anas Bouanani : Apr\u00e8s ma participation \u00e0 plusieurs expositions et ateliers de peinture organis\u00e9s dans le cadre du Moussem d\u2019Asilah, j\u2019ai [&hellip;]<\/p>\n","protected":false},"author":1759,"featured_media":96347,"comment_status":"closed","ping_status":"closed","sticky":false,"template":"","format":"standard","meta":{"fifu_image_url":"","fifu_image_alt":"","footnotes":""},"categories":[73,54],"tags":[],"class_list":["post-96346","post","type-post","status-publish","format-standard","has-post-thumbnail","hentry","category-actualite","category-maroc"],"_links":{"self":[{"href":"https:\/\/linitiative.ca\/International\/wp-json\/wp\/v2\/posts\/96346","targetHints":{"allow":["GET"]}}],"collection":[{"href":"https:\/\/linitiative.ca\/International\/wp-json\/wp\/v2\/posts"}],"about":[{"href":"https:\/\/linitiative.ca\/International\/wp-json\/wp\/v2\/types\/post"}],"author":[{"embeddable":true,"href":"https:\/\/linitiative.ca\/International\/wp-json\/wp\/v2\/users\/1759"}],"replies":[{"embeddable":true,"href":"https:\/\/linitiative.ca\/International\/wp-json\/wp\/v2\/comments?post=96346"}],"version-history":[{"count":0,"href":"https:\/\/linitiative.ca\/International\/wp-json\/wp\/v2\/posts\/96346\/revisions"}],"wp:featuredmedia":[{"embeddable":true,"href":"https:\/\/linitiative.ca\/International\/wp-json\/"}],"wp:attachment":[{"href":"https:\/\/linitiative.ca\/International\/wp-json\/wp\/v2\/media?parent=96346"}],"wp:term":[{"taxonomy":"category","embeddable":true,"href":"https:\/\/linitiative.ca\/International\/wp-json\/wp\/v2\/categories?post=96346"},{"taxonomy":"post_tag","embeddable":true,"href":"https:\/\/linitiative.ca\/International\/wp-json\/wp\/v2\/tags?post=96346"}],"curies":[{"name":"wp","href":"https:\/\/api.w.org\/{rel}","templated":true}]}}