{"id":96348,"date":"2020-08-21T11:33:25","date_gmt":"2020-08-21T15:33:25","guid":{"rendered":"https:\/\/linitiative.ca\/International\/luniversite-sidi-mohamed-ben-abdellah-facilite-le-deroulement-des-examens-a-ses-etudiants\/"},"modified":"2020-08-21T11:33:25","modified_gmt":"2020-08-21T15:33:25","slug":"luniversite-sidi-mohamed-ben-abdellah-facilite-le-deroulement-des-examens-a-ses-etudiants","status":"publish","type":"post","link":"https:\/\/linitiative.ca\/International\/luniversite-sidi-mohamed-ben-abdellah-facilite-le-deroulement-des-examens-a-ses-etudiants\/","title":{"rendered":"L\u2019Universit\u00e9 Sidi Mohamed Ben Abdellah facilite le d\u00e9roulement des examens \u00e0 ses \u00e9tudiants"},"content":{"rendered":"<header>\n<\/header>\n<div class=\"entry-content clearfix\" readability=\"43\"><img decoding=\"async\" class=\"post_layout_5_img\" src=\"http:\/\/aujourdhui.ma\/wp-content\/uploads\/2020\/02\/Universite\u0301-Sidi-Mohamed-Ben-Abdellah-de-Fe\u0300s.jpg\" alt=\"L&#x2019;Universit&#xE9; Sidi Mohamed Ben Abdellah facilite le d&#xE9;roulement des examens &#xE0; ses &#xE9;tudiants\"\/><\/p>\n<p><strong>Le calendrier des examens de l\u2019Universit\u00e9 Sidi Mohamed Ben Abdellah de F\u00e8s au titre de la session universitaire du printemps 2019-2020 reste jusqu\u2019\u00e0 pr\u00e9sent inchang\u00e9.<\/strong><span id=\"more-353681\"\/><\/p>\n<p>C\u2019est ce qu\u2019annonce la pr\u00e9sidence de l\u2019Universit\u00e9 dans un communiqu\u00e9 diffus\u00e9 vendredi 21 ao\u00fbt. L\u2019Universit\u00e9 r\u00e9it\u00e8re dans ce sens la mobilisation de l\u2019ensemble de ses instances pour r\u00e9ussir ces examens dans de bonnes conditions notamment sur le plan sanitaire. Et tenant compte de la situation \u00e9pid\u00e9miologique du pays, l\u2019Universit\u00e9 a d\u00e9cid\u00e9 de faciliter le d\u00e9roulement des examens particuli\u00e8rement pour les \u00e9tudiants du cycle licence qui habitent en dehors de F\u00e8s et de Taza et qui ne pourront o\u00f9 auront des difficult\u00e9s \u00e0 se d\u00e9placer \u00e0 ces villes les jours de l\u2019examen. L\u2019Universit\u00e9 am\u00e9nagera pour eux des centres proches \u00e0 leurs lieux de r\u00e9sidence en l\u2019occurrence \u00e0 Taounat, Boulemane, Sefrou et Taza. Des liens seront mis en ligne permettant \u00e0 ces \u00e9tudiants de d\u00e9terminer le centre de son choix. Le d\u00e9roul\u00e9 des examens dans les centres de proximit\u00e9 sera d\u00e9voil\u00e9 ult\u00e9rieurement. L\u2019Universit\u00e9 pr\u00e9voit, dans ce sens, une communication d\u00e9taill\u00e9e qui sera rendue publique \u00e0 partir de la semaine prochaine et ce juste apr\u00e8s la fin des consultations men\u00e9es aupr\u00e8s de l\u2019ensemble des intervenants.<\/p>\n<\/div>\n<p>Auteur: ALM<br \/>\n<a href=\"https:\/\/aujourdhui.ma\/actualite\/luniversite-sidi-mohamed-ben-abdellah-facilite-le-deroulement-des-examens-a-ses-etudiants\">Cliquez ici pour lire l&rsquo;article depuis sa source.<\/a><\/p>\n","protected":false},"excerpt":{"rendered":"<p>Le calendrier des examens de l\u2019Universit\u00e9 Sidi Mohamed Ben Abdellah de F\u00e8s au titre de la session universitaire du printemps 2019-2020 reste jusqu\u2019\u00e0 pr\u00e9sent inchang\u00e9. C\u2019est ce qu\u2019annonce la pr\u00e9sidence de l\u2019Universit\u00e9 dans un communiqu\u00e9 diffus\u00e9 vendredi 21 ao\u00fbt. L\u2019Universit\u00e9 r\u00e9it\u00e8re dans ce sens la mobilisation de l\u2019ensemble de ses instances pour r\u00e9ussir ces examens [&hellip;]<\/p>\n","protected":false},"author":1759,"featured_media":96349,"comment_status":"closed","ping_status":"closed","sticky":false,"template":"","format":"standard","meta":{"fifu_image_url":"","fifu_image_alt":"","footnotes":""},"categories":[73,54],"tags":[],"class_list":["post-96348","post","type-post","status-publish","format-standard","has-post-thumbnail","hentry","category-actualite","category-maroc"],"_links":{"self":[{"href":"https:\/\/linitiative.ca\/International\/wp-json\/wp\/v2\/posts\/96348","targetHints":{"allow":["GET"]}}],"collection":[{"href":"https:\/\/linitiative.ca\/International\/wp-json\/wp\/v2\/posts"}],"about":[{"href":"https:\/\/linitiative.ca\/International\/wp-json\/wp\/v2\/types\/post"}],"author":[{"embeddable":true,"href":"https:\/\/linitiative.ca\/International\/wp-json\/wp\/v2\/users\/1759"}],"replies":[{"embeddable":true,"href":"https:\/\/linitiative.ca\/International\/wp-json\/wp\/v2\/comments?post=96348"}],"version-history":[{"count":0,"href":"https:\/\/linitiative.ca\/International\/wp-json\/wp\/v2\/posts\/96348\/revisions"}],"wp:featuredmedia":[{"embeddable":true,"href":"https:\/\/linitiative.ca\/International\/wp-json\/"}],"wp:attachment":[{"href":"https:\/\/linitiative.ca\/International\/wp-json\/wp\/v2\/media?parent=96348"}],"wp:term":[{"taxonomy":"category","embeddable":true,"href":"https:\/\/linitiative.ca\/International\/wp-json\/wp\/v2\/categories?post=96348"},{"taxonomy":"post_tag","embeddable":true,"href":"https:\/\/linitiative.ca\/International\/wp-json\/wp\/v2\/tags?post=96348"}],"curies":[{"name":"wp","href":"https:\/\/api.w.org\/{rel}","templated":true}]}}