{"id":96351,"date":"2020-08-21T07:11:58","date_gmt":"2020-08-21T11:11:58","guid":{"rendered":"https:\/\/linitiative.ca\/International\/la-nuit-des-etoiles-ce-samedi-a-la-cite-des-sciences\/"},"modified":"2020-08-21T07:11:58","modified_gmt":"2020-08-21T11:11:58","slug":"la-nuit-des-etoiles-ce-samedi-a-la-cite-des-sciences","status":"publish","type":"post","link":"https:\/\/linitiative.ca\/International\/la-nuit-des-etoiles-ce-samedi-a-la-cite-des-sciences\/","title":{"rendered":"La nuit des \u00e9toiles, ce samedi \u00e0 la Cit\u00e9 des Sciences"},"content":{"rendered":"<div class=\"desc descp__content\" data-io-article-url=\"https:\/\/www.mosaiquefm.net\/fr\/actualite-national-tunisie\/783937\/la-nuit-des-etoiles-ce-samedi-a-la-cite-des-sciences\">\n<p>La Cit\u00e9 des Sciences organise demain Samedi 22 ao\u00fbt 2020 la 18\u00e8me session de la nuit des \u00e9toiles. Plusieurs conf\u00e9rences figurent au programme de cet \u00e9v\u00e8nement annuel.<br \/>A cette occasion, M. Sabri MEKKAOUI, de l\u2019Agence Spatiale Europ\u00e9enne donnera une conf\u00e9rence sur \u00bb Les missions spatiales vers la lune \u00ab .<\/p>\n<p>D\u2019autres conf\u00e9rences qui porteront sur \u00bb Mars, destination future \u00ab , \u00bb Le ciel d\u2019\u00e9t\u00e9 \u00ab , \u00bb Les \u00e9toiles filantes \u00bb et \u00bb La beaut\u00e9 de l\u2019Univers \u00e0 travers le t\u00e9lescope spatial HUBBLE \u00bb seront \u00e9galement pr\u00e9sent\u00e9es .<br \/>Un spectacle de conte astronomique \u00bb Fedaoui Falaki \u00bb sera au rendez-vous, des interludes musicaux intitul\u00e9s \u00bb HAMS \u00bb interpr\u00e9t\u00e9s par le violoniste Mohamed Gharbi viendront animer la soir\u00e9e.<br \/>Une projection en live streaming des observations astronomiques de la soir\u00e9e, plusieurs stands d\u2019animations, et des exp\u00e9riences scientifiques ludiques seront aussi propos\u00e9s.<br \/>Les animations du programme sont propos\u00e9es en collaboration avec la Soci\u00e9t\u00e9 Astronomique de Tunisie (SAT), l\u2019Association Jeunes Sciences de Tunisie (AJST), l\u2019association des jeunes astronomes (TAYA), l\u2019association tunisienne de l\u2019a\u00e9ronautique (ATA), et la START Up Aca Robotique et l\u2019Association pour le d\u00e9veloppement de la recherche et de l\u2019innovation (ADRI).<\/p>\n<\/div>\n<div class=\"date text-center\"><strong>source:mosaiquefm<\/strong><\/div>\n<div class=\"wp-post-author-wrap wp-post-author-shortcode left\">\n<h3 class=\"awpa-title\"\/>\n<div class=\"wp-post-author\">\n<div class=\"awpa-img awpa-author-block square\"><a href=\"http:\/\/lexpertjournal.net\/fr\/?author=5\"><img loading=\"lazy\" decoding=\"async\" alt=\"\" src=\"http:\/\/0.gravatar.com\/avatar\/97f8e10a1c1125ba104a76514ee07b16?s=150&amp;d=mm&amp;r=g\" srcset=\"http:\/\/0.gravatar.com\/avatar\/97f8e10a1c1125ba104a76514ee07b16?s=300&amp;d=mm&amp;r=g 2x\" class=\"avatar avatar-150 photo\" height=\"150\" width=\"150\"\/><\/a><\/div>\n<\/div>\n<\/div>\n<aside class=\"mashsb-container mashsb-main mashsb-stretched\">\n<\/aside>\n<p>Auteur: L&rsquo;expert<br \/>\n<a href=\"http:\/\/lexpertjournal.net\/fr\/?p=16293\">Cliquez ici pour lire l&rsquo;article depuis sa source.<\/a><\/p>\n","protected":false},"excerpt":{"rendered":"<p>La Cit\u00e9 des Sciences organise demain Samedi 22 ao\u00fbt 2020 la 18\u00e8me session de la nuit des \u00e9toiles. Plusieurs conf\u00e9rences figurent au programme de cet \u00e9v\u00e8nement annuel.A cette occasion, M. Sabri MEKKAOUI, de l\u2019Agence Spatiale Europ\u00e9enne donnera une conf\u00e9rence sur \u00bb Les missions spatiales vers la lune \u00ab . D\u2019autres conf\u00e9rences qui porteront sur \u00bb [&hellip;]<\/p>\n","protected":false},"author":1775,"featured_media":0,"comment_status":"closed","ping_status":"closed","sticky":false,"template":"","format":"standard","meta":{"fifu_image_url":"","fifu_image_alt":"","footnotes":""},"categories":[78,55],"tags":[],"class_list":["post-96351","post","type-post","status-publish","format-standard","hentry","category-economie","category-tunisie"],"_links":{"self":[{"href":"https:\/\/linitiative.ca\/International\/wp-json\/wp\/v2\/posts\/96351","targetHints":{"allow":["GET"]}}],"collection":[{"href":"https:\/\/linitiative.ca\/International\/wp-json\/wp\/v2\/posts"}],"about":[{"href":"https:\/\/linitiative.ca\/International\/wp-json\/wp\/v2\/types\/post"}],"author":[{"embeddable":true,"href":"https:\/\/linitiative.ca\/International\/wp-json\/wp\/v2\/users\/1775"}],"replies":[{"embeddable":true,"href":"https:\/\/linitiative.ca\/International\/wp-json\/wp\/v2\/comments?post=96351"}],"version-history":[{"count":0,"href":"https:\/\/linitiative.ca\/International\/wp-json\/wp\/v2\/posts\/96351\/revisions"}],"wp:attachment":[{"href":"https:\/\/linitiative.ca\/International\/wp-json\/wp\/v2\/media?parent=96351"}],"wp:term":[{"taxonomy":"category","embeddable":true,"href":"https:\/\/linitiative.ca\/International\/wp-json\/wp\/v2\/categories?post=96351"},{"taxonomy":"post_tag","embeddable":true,"href":"https:\/\/linitiative.ca\/International\/wp-json\/wp\/v2\/tags?post=96351"}],"curies":[{"name":"wp","href":"https:\/\/api.w.org\/{rel}","templated":true}]}}