{"id":96353,"date":"2020-08-21T07:18:45","date_gmt":"2020-08-21T11:18:45","guid":{"rendered":"https:\/\/linitiative.ca\/International\/covid-19-un-cas-local-enregistre-a-kairouan\/"},"modified":"2020-08-21T07:18:45","modified_gmt":"2020-08-21T11:18:45","slug":"covid-19-un-cas-local-enregistre-a-kairouan","status":"publish","type":"post","link":"https:\/\/linitiative.ca\/International\/covid-19-un-cas-local-enregistre-a-kairouan\/","title":{"rendered":"Covid-19: Un cas local enregistr\u00e9 \u00e0 Kairouan"},"content":{"rendered":"<div class=\"desc descp__content\" data-io-article-url=\"https:\/\/www.mosaiquefm.net\/fr\/actualite-regional-tunisie\/783845\/covid-19-un-cas-local-enregistre-a-kairouan\">\n<p>La direction r\u00e9gionale de la Sant\u00e9 \u00e0 Kairouan a indiqu\u00e9\u00a0qu\u2019un cas local de coronavirus a \u00e9t\u00e9 enregistr\u00e9 dans la r\u00e9gion.<\/p>\n<p>Le nombre de personnes test\u00e9es positives depuis le 31 juillet 2020 et jusqu\u2019\u00e0 hier, jeudi, est de 96, 6 cas import\u00e9s et 90 locaux.<\/p>\n<\/div>\n<div class=\"date text-center\"><strong>source:mosaiquefm<\/strong>.<\/div>\n<div class=\"wp-post-author-wrap wp-post-author-shortcode left\">\n<h3 class=\"awpa-title\"\/>\n<div class=\"wp-post-author\">\n<div class=\"awpa-img awpa-author-block square\"><a href=\"http:\/\/lexpertjournal.net\/fr\/?author=5\"><img loading=\"lazy\" decoding=\"async\" alt=\"\" src=\"http:\/\/0.gravatar.com\/avatar\/97f8e10a1c1125ba104a76514ee07b16?s=150&amp;d=mm&amp;r=g\" srcset=\"http:\/\/0.gravatar.com\/avatar\/97f8e10a1c1125ba104a76514ee07b16?s=300&amp;d=mm&amp;r=g 2x\" class=\"avatar avatar-150 photo\" height=\"150\" width=\"150\"\/><\/a><\/div>\n<\/div>\n<\/div>\n<aside class=\"mashsb-container mashsb-main mashsb-stretched\">\n<\/aside>\n<p>Auteur: L&rsquo;expert<br \/>\n<a href=\"http:\/\/lexpertjournal.net\/fr\/?p=16299\">Cliquez ici pour lire l&rsquo;article depuis sa source.<\/a><\/p>\n","protected":false},"excerpt":{"rendered":"<p>La direction r\u00e9gionale de la Sant\u00e9 \u00e0 Kairouan a indiqu\u00e9\u00a0qu\u2019un cas local de coronavirus a \u00e9t\u00e9 enregistr\u00e9 dans la r\u00e9gion. Le nombre de personnes test\u00e9es positives depuis le 31 juillet 2020 et jusqu\u2019\u00e0 hier, jeudi, est de 96, 6 cas import\u00e9s et 90 locaux. source:mosaiquefm. Auteur: L&rsquo;expert Cliquez ici pour lire l&rsquo;article depuis sa source.<\/p>\n","protected":false},"author":1775,"featured_media":0,"comment_status":"closed","ping_status":"closed","sticky":false,"template":"","format":"standard","meta":{"fifu_image_url":"","fifu_image_alt":"","footnotes":""},"categories":[78,55],"tags":[],"class_list":["post-96353","post","type-post","status-publish","format-standard","hentry","category-economie","category-tunisie"],"_links":{"self":[{"href":"https:\/\/linitiative.ca\/International\/wp-json\/wp\/v2\/posts\/96353","targetHints":{"allow":["GET"]}}],"collection":[{"href":"https:\/\/linitiative.ca\/International\/wp-json\/wp\/v2\/posts"}],"about":[{"href":"https:\/\/linitiative.ca\/International\/wp-json\/wp\/v2\/types\/post"}],"author":[{"embeddable":true,"href":"https:\/\/linitiative.ca\/International\/wp-json\/wp\/v2\/users\/1775"}],"replies":[{"embeddable":true,"href":"https:\/\/linitiative.ca\/International\/wp-json\/wp\/v2\/comments?post=96353"}],"version-history":[{"count":0,"href":"https:\/\/linitiative.ca\/International\/wp-json\/wp\/v2\/posts\/96353\/revisions"}],"wp:attachment":[{"href":"https:\/\/linitiative.ca\/International\/wp-json\/wp\/v2\/media?parent=96353"}],"wp:term":[{"taxonomy":"category","embeddable":true,"href":"https:\/\/linitiative.ca\/International\/wp-json\/wp\/v2\/categories?post=96353"},{"taxonomy":"post_tag","embeddable":true,"href":"https:\/\/linitiative.ca\/International\/wp-json\/wp\/v2\/tags?post=96353"}],"curies":[{"name":"wp","href":"https:\/\/api.w.org\/{rel}","templated":true}]}}