{"id":96355,"date":"2020-08-21T08:45:04","date_gmt":"2020-08-21T12:45:04","guid":{"rendered":"https:\/\/linitiative.ca\/International\/covid-19-un-nouveau-cas-importe-a-sfax\/"},"modified":"2020-08-21T08:45:04","modified_gmt":"2020-08-21T12:45:04","slug":"covid-19-un-nouveau-cas-importe-a-sfax","status":"publish","type":"post","link":"https:\/\/linitiative.ca\/International\/covid-19-un-nouveau-cas-importe-a-sfax\/","title":{"rendered":"Covid-19: Un nouveau cas import\u00e9 \u00e0 Sfax"},"content":{"rendered":"<div class=\"desc descp__content\" data-io-article-url=\"https:\/\/www.mosaiquefm.net\/fr\/actualite-regional-tunisie\/783965\/covid-19-un-nouveau-cas-importe-a-sfax\">\n<p>Sfax a enregistr\u00e9 ce vendredi 21 aout 2020, une nouvelle contamination import\u00e9e. le nombre de cas de contamination au coronavirus s\u2019\u00e9l\u00e8ve ainsi \u00e0 98 depuis le d\u00e9but de la pand\u00e9mie dont 66 gu\u00e9rison et 5 d\u00e9c\u00e8s. 27 personnes portent encore le virus et 328 sont en auto confinement.<\/p>\n<\/div>\n<div class=\"date text-center\"><strong>source:mosaiquefm<\/strong><\/div>\n<div class=\"wp-post-author-wrap wp-post-author-shortcode left\">\n<h3 class=\"awpa-title\"\/>\n<div class=\"wp-post-author\">\n<div class=\"awpa-img awpa-author-block square\"><a href=\"http:\/\/lexpertjournal.net\/fr\/?author=5\"><img loading=\"lazy\" decoding=\"async\" alt=\"\" src=\"http:\/\/0.gravatar.com\/avatar\/97f8e10a1c1125ba104a76514ee07b16?s=150&amp;d=mm&amp;r=g\" srcset=\"http:\/\/0.gravatar.com\/avatar\/97f8e10a1c1125ba104a76514ee07b16?s=300&amp;d=mm&amp;r=g 2x\" class=\"avatar avatar-150 photo\" height=\"150\" width=\"150\"\/><\/a><\/div>\n<\/div>\n<\/div>\n<aside class=\"mashsb-container mashsb-main mashsb-stretched\">\n<\/aside>\n<p>Auteur: L&rsquo;expert<br \/>\n<a href=\"http:\/\/lexpertjournal.net\/fr\/?p=16308\">Cliquez ici pour lire l&rsquo;article depuis sa source.<\/a><\/p>\n","protected":false},"excerpt":{"rendered":"<p>Sfax a enregistr\u00e9 ce vendredi 21 aout 2020, une nouvelle contamination import\u00e9e. le nombre de cas de contamination au coronavirus s\u2019\u00e9l\u00e8ve ainsi \u00e0 98 depuis le d\u00e9but de la pand\u00e9mie dont 66 gu\u00e9rison et 5 d\u00e9c\u00e8s. 27 personnes portent encore le virus et 328 sont en auto confinement. source:mosaiquefm Auteur: L&rsquo;expert Cliquez ici pour lire [&hellip;]<\/p>\n","protected":false},"author":1775,"featured_media":0,"comment_status":"closed","ping_status":"closed","sticky":false,"template":"","format":"standard","meta":{"fifu_image_url":"","fifu_image_alt":"","footnotes":""},"categories":[78,55],"tags":[],"class_list":["post-96355","post","type-post","status-publish","format-standard","hentry","category-economie","category-tunisie"],"_links":{"self":[{"href":"https:\/\/linitiative.ca\/International\/wp-json\/wp\/v2\/posts\/96355","targetHints":{"allow":["GET"]}}],"collection":[{"href":"https:\/\/linitiative.ca\/International\/wp-json\/wp\/v2\/posts"}],"about":[{"href":"https:\/\/linitiative.ca\/International\/wp-json\/wp\/v2\/types\/post"}],"author":[{"embeddable":true,"href":"https:\/\/linitiative.ca\/International\/wp-json\/wp\/v2\/users\/1775"}],"replies":[{"embeddable":true,"href":"https:\/\/linitiative.ca\/International\/wp-json\/wp\/v2\/comments?post=96355"}],"version-history":[{"count":0,"href":"https:\/\/linitiative.ca\/International\/wp-json\/wp\/v2\/posts\/96355\/revisions"}],"wp:attachment":[{"href":"https:\/\/linitiative.ca\/International\/wp-json\/wp\/v2\/media?parent=96355"}],"wp:term":[{"taxonomy":"category","embeddable":true,"href":"https:\/\/linitiative.ca\/International\/wp-json\/wp\/v2\/categories?post=96355"},{"taxonomy":"post_tag","embeddable":true,"href":"https:\/\/linitiative.ca\/International\/wp-json\/wp\/v2\/tags?post=96355"}],"curies":[{"name":"wp","href":"https:\/\/api.w.org\/{rel}","templated":true}]}}