{"id":96359,"date":"2020-08-20T18:41:59","date_gmt":"2020-08-20T22:41:59","guid":{"rendered":"https:\/\/linitiative.ca\/International\/campagne-de-nettoyage-et-dembellissement-des-avenues-de-la-ville\/"},"modified":"2020-08-20T18:41:59","modified_gmt":"2020-08-20T22:41:59","slug":"campagne-de-nettoyage-et-dembellissement-des-avenues-de-la-ville","status":"publish","type":"post","link":"https:\/\/linitiative.ca\/International\/campagne-de-nettoyage-et-dembellissement-des-avenues-de-la-ville\/","title":{"rendered":"Campagne de nettoyage et d\u2019embellissement des avenues de la ville"},"content":{"rendered":"<div class=\"single-featured\"><img alt=\"\" data-src=\"http:\/\/www.mapmarrakech.ma\/map\/uploads\/2020\/08\/op&#xE9;ration-de-nettoyage-benguerir-copier.jpg\"\/><\/div>\n<div class=\"single-post-excerpt post-excerpt-bc\" readability=\"35\">\n<p>Benguerir (province de Rehamna) \u2013 La campagne de nettoyage et d\u2019embellissement des avenues et rues de la ville de Benguerir (province de Rehamna) se poursuit dans le cadre de la Semaine environnementale organis\u00e9e durant un mois par la commune de Benguerir en partenariat et en coordination avec la soci\u00e9t\u00e9 civile.<\/p>\n<\/div>\n<div class=\"entry-content clearfix single-post-content\" readability=\"61\">\n<p>La mise en \u0153uvre de cette initiative environnementale a \u00e9t\u00e9 confi\u00e9e \u00e0 l\u2019association \u00ab\u00a0Communication culturelle et environnementale\u00a0\u00bb en coordination et avec l\u2019appui de la commune de Benguerir.<\/p>\n<p>Pour r\u00e9ussir cette op\u00e9ration, la commune urbaine de Benguerir a mobilis\u00e9 quelque 150 employ\u00e9s et des moyens logistiques avec le soutien du groupe OCP et de la commune territoriale Rehamna.<\/p>\n<p>Dans une d\u00e9claration \u00e0 la MAP, le vice-pr\u00e9sident de la commune de Bengu\u00e9rir et responsable de la division de l\u2019environnement et des travaux communaux, Abdelmalek Bousselham, a soulign\u00e9 que cette initiative environnementale traduit l\u2019importance accord\u00e9e par le conseil communal \u00e0 l\u2019environnement et le paysage de la ville en coordination avec toutes les associations de la soci\u00e9t\u00e9 civile.<\/p>\n<p>M.Bousselham a soulign\u00e9 que le conseil communal a \u00e9labor\u00e9 un programme int\u00e9gr\u00e9 pour mettre en \u0153uvre cette initiative dans les diff\u00e9rents quartiers de la ville, mettant l\u2019accent sur les r\u00f4les de la soci\u00e9t\u00e9 civile dans le domaine de la sensibilisation et de la conscientisation et la pr\u00e9servation des acquis environnementales dans la ville.<\/p>\n<p>Et d\u2019expliquer que le programme se focalisera sur l\u2019\u00e9radication des points noirs des d\u00e9chets, la peinture des trottoirs et le nettoyage des principales art\u00e8res, la plantation d\u2019arbres dans les avenues, le remplacement des arbres v\u00e9tustes, le nettoyage du cimeti\u00e8re de la ville et l\u2019entretien de l\u2019\u00e9clairage public.<\/p>\n<\/div>\n<p>Auteur: Meriem IGASS<br \/>\n<a href=\"http:\/\/www.mapmarrakech.ma\/fr\/campagne-de-nettoyage-et-dembellissement-des-avenues-de-la-ville\/\">Cliquez ici pour lire l&rsquo;article depuis sa source.<\/a><\/p>\n","protected":false},"excerpt":{"rendered":"<p>Benguerir (province de Rehamna) \u2013 La campagne de nettoyage et d\u2019embellissement des avenues et rues de la ville de Benguerir (province de Rehamna) se poursuit dans le cadre de la Semaine environnementale organis\u00e9e durant un mois par la commune de Benguerir en partenariat et en coordination avec la soci\u00e9t\u00e9 civile. La mise en \u0153uvre de [&hellip;]<\/p>\n","protected":false},"author":1788,"featured_media":96360,"comment_status":"closed","ping_status":"closed","sticky":false,"template":"","format":"standard","meta":{"fifu_image_url":"","fifu_image_alt":"","footnotes":""},"categories":[54,76],"tags":[],"class_list":["post-96359","post","type-post","status-publish","format-standard","has-post-thumbnail","hentry","category-maroc","category-regions"],"_links":{"self":[{"href":"https:\/\/linitiative.ca\/International\/wp-json\/wp\/v2\/posts\/96359","targetHints":{"allow":["GET"]}}],"collection":[{"href":"https:\/\/linitiative.ca\/International\/wp-json\/wp\/v2\/posts"}],"about":[{"href":"https:\/\/linitiative.ca\/International\/wp-json\/wp\/v2\/types\/post"}],"author":[{"embeddable":true,"href":"https:\/\/linitiative.ca\/International\/wp-json\/wp\/v2\/users\/1788"}],"replies":[{"embeddable":true,"href":"https:\/\/linitiative.ca\/International\/wp-json\/wp\/v2\/comments?post=96359"}],"version-history":[{"count":0,"href":"https:\/\/linitiative.ca\/International\/wp-json\/wp\/v2\/posts\/96359\/revisions"}],"wp:featuredmedia":[{"embeddable":true,"href":"https:\/\/linitiative.ca\/International\/wp-json\/"}],"wp:attachment":[{"href":"https:\/\/linitiative.ca\/International\/wp-json\/wp\/v2\/media?parent=96359"}],"wp:term":[{"taxonomy":"category","embeddable":true,"href":"https:\/\/linitiative.ca\/International\/wp-json\/wp\/v2\/categories?post=96359"},{"taxonomy":"post_tag","embeddable":true,"href":"https:\/\/linitiative.ca\/International\/wp-json\/wp\/v2\/tags?post=96359"}],"curies":[{"name":"wp","href":"https:\/\/api.w.org\/{rel}","templated":true}]}}