{"id":96384,"date":"2020-08-21T11:30:00","date_gmt":"2020-08-21T15:30:00","guid":{"rendered":"https:\/\/linitiative.ca\/International\/marquinhos-veut-marquer-lhistoire\/"},"modified":"2020-08-21T11:30:00","modified_gmt":"2020-08-21T15:30:00","slug":"marquinhos-veut-marquer-lhistoire","status":"publish","type":"post","link":"https:\/\/linitiative.ca\/International\/marquinhos-veut-marquer-lhistoire\/","title":{"rendered":"Marquinhos veut \u00abmarquer l\u2019histoire\u00bb"},"content":{"rendered":"<p class=\"p1 c3\"><span class=\"c2\">Buteur en quarts et en demies, Marquinhos veut d\u00e9sormais ramener le premier titre europ\u00e9en du club et mise sur la solidarit\u00e9 dans le groupe parisien.<\/span><\/p>\n<p class=\"p1 c3\"><span class=\"c2\">Presque dix ans apr\u00e8s avoir fait main mise sur le PSG, QSI va enfin vivre sa premi\u00e8re finale de Ligue des Champions avec le doux espoir d\u2019un moment historique dimanche soir \u00e0 Lisbonne. Malgr\u00e9 l\u2019arr\u00eat de la\u00a0Ligue 1, le club parisien a r\u00e9ussi \u00e0 se replonger dans le bain tr\u00e8s rapidement, bien aid\u00e9 par les deux finales de coupes nationales fin juillet. Profitant du format exceptionnel de la comp\u00e9tition \u00e0 cause du coronavirus, le PSG a r\u00e9ussi \u00e0 briser ce plafond de verre que repr\u00e9sentaient les quarts de finale.\u00a0<\/span><\/p>\n<p class=\"p1 c3\"><span class=\"c2\">Il reste d\u00e9sormais un match, le plus important, pour soulever cette fameuse coupe aux grandes oreilles. Marquinhos en r\u00eave. Le Br\u00e9silien est l\u2019un des hommes forts de ce Final 8. C\u2019est lui qui a \u00e9galis\u00e9 et redonn\u00e9 espoirs aux Parisiens face \u00e0 l\u2019Atalanta\u00a0avant de mettre sur de bons rails la qualification en finale contre le\u00a0RB Leipzig.<\/span><\/p>\n<p class=\"p2 c4\"><span class=\"c2\"><strong>\u00abIl faut continuer<\/strong><\/span><\/p>\n<p class=\"p2 c4\"><span class=\"c2\"><strong>\u00e0 cette solidarit\u00e9\u00bb<\/strong><\/span><\/p>\n<p class=\"p1 c3\"><span class=\"c2\">\u00abL\u2019\u00e9motion est retomb\u00e9e maintenant. Cette qualification c\u2019est tr\u00e8s beau. \u00a0On est l\u00e0 pour marquer l\u2019histoire, on a d\u00e9j\u00e0 fait un grand pas il en reste un \u00e0 faire,explique l\u2019ancien de la Roma sur le site du PSG.\u00a0\u00c7a a \u00e9t\u00e9 un match incroyable, maitris\u00e9, contr\u00f4l\u00e9 du d\u00e9but \u00e0 la fin. En plus, j\u2019ai pu inscrire le but qui d\u00e9bloque le match. Et maintenant il faut le refaire en finale !\u00bb<\/span><\/p>\n<p class=\"p1 c3\"><span class=\"c2\">Pr\u00e9sent depuis 2013 dans la capitale fran\u00e7aise, le possible futur capitaine du PSG a mang\u00e9 son pain noir durant toutes ces derni\u00e8res ann\u00e9es. Il savoure d\u2019autant plus ces moments m\u00eame si seule la victoire est belle. Une chose est s\u00fbre, ce groupe vit bien depuis plusieurs semaines. S\u2019il ne l\u2019avoue pas, cette rumeur de pacte entre les joueurs pour d\u00e9crocher la C1 semble bien r\u00e9elle.<\/span><\/p>\n<p class=\"p1 c3\"><span class=\"c2\">\u00abL\u2019ambiance est superbe,\u00a0confirme Marquinhos.\u00a0Sur le terrain \u00e7a fait la diff\u00e9rence. Quand il y a une perte de ballon, il y en a toujours un qui se sacrifie pour l\u2019autre. Tout le monde d\u00e9fend, s\u2019aide, se tend la main, tout le monde pousse vers le m\u00eame objectif. Ce n\u2019est pas que dans les bons moments, parce qu\u2019on a aussi v\u00e9cu des moments difficiles, dans lesquels nous avons aussi d\u00fb nous serrer les coudes. Maintenant, c\u2019est un bon moment et il faut continuer avec cette m\u00eame solidarit\u00e9.\u00bb<\/span><\/p>\n<p>Auteur: letemps1<br \/>\n<a href=\"http:\/\/www.letemps.com.tn\/article\/116566\/marquinhos-veut-%C2%ABmarquer-l%E2%80%99histoire%C2%BB\">Cliquez ici pour lire l&rsquo;article depuis sa source.<\/a><\/p>\n","protected":false},"excerpt":{"rendered":"<p>Buteur en quarts et en demies, Marquinhos veut d\u00e9sormais ramener le premier titre europ\u00e9en du club et mise sur la solidarit\u00e9 dans le groupe parisien. Presque dix ans apr\u00e8s avoir fait main mise sur le PSG, QSI va enfin vivre sa premi\u00e8re finale de Ligue des Champions avec le doux espoir d\u2019un moment historique dimanche [&hellip;]<\/p>\n","protected":false},"author":1773,"featured_media":0,"comment_status":"closed","ping_status":"closed","sticky":false,"template":"","format":"standard","meta":{"fifu_image_url":"","fifu_image_alt":"","footnotes":""},"categories":[73,55],"tags":[],"class_list":["post-96384","post","type-post","status-publish","format-standard","hentry","category-actualite","category-tunisie"],"_links":{"self":[{"href":"https:\/\/linitiative.ca\/International\/wp-json\/wp\/v2\/posts\/96384","targetHints":{"allow":["GET"]}}],"collection":[{"href":"https:\/\/linitiative.ca\/International\/wp-json\/wp\/v2\/posts"}],"about":[{"href":"https:\/\/linitiative.ca\/International\/wp-json\/wp\/v2\/types\/post"}],"author":[{"embeddable":true,"href":"https:\/\/linitiative.ca\/International\/wp-json\/wp\/v2\/users\/1773"}],"replies":[{"embeddable":true,"href":"https:\/\/linitiative.ca\/International\/wp-json\/wp\/v2\/comments?post=96384"}],"version-history":[{"count":0,"href":"https:\/\/linitiative.ca\/International\/wp-json\/wp\/v2\/posts\/96384\/revisions"}],"wp:attachment":[{"href":"https:\/\/linitiative.ca\/International\/wp-json\/wp\/v2\/media?parent=96384"}],"wp:term":[{"taxonomy":"category","embeddable":true,"href":"https:\/\/linitiative.ca\/International\/wp-json\/wp\/v2\/categories?post=96384"},{"taxonomy":"post_tag","embeddable":true,"href":"https:\/\/linitiative.ca\/International\/wp-json\/wp\/v2\/tags?post=96384"}],"curies":[{"name":"wp","href":"https:\/\/api.w.org\/{rel}","templated":true}]}}