{"id":96385,"date":"2020-08-21T11:30:00","date_gmt":"2020-08-21T15:30:00","guid":{"rendered":"https:\/\/linitiative.ca\/International\/wenger-savait-que-gnabry-deviendrait-une-star\/"},"modified":"2020-08-21T11:30:00","modified_gmt":"2020-08-21T15:30:00","slug":"wenger-savait-que-gnabry-deviendrait-une-star","status":"publish","type":"post","link":"https:\/\/linitiative.ca\/International\/wenger-savait-que-gnabry-deviendrait-une-star\/","title":{"rendered":"Wenger savait que Gnabry deviendrait une star"},"content":{"rendered":"<p class=\"p1 c3\"><span class=\"c2\">L\u2019ancien entra\u00eeneur d\u2019Arsenal regrette que l\u2019Allemand ne se soit jamais impos\u00e9 chez les Gunners, malgr\u00e9 un potentiel qui crevait l\u2019\u00e9cran.<\/span><\/p>\n<p class=\"p1 c3\"><span class=\"c2\">Ars\u00e8ne Wenger a r\u00e9v\u00e9l\u00e9 qu\u2019il \u00e9tait \u00abtr\u00e8s triste\u00bb lorsque Serge Gnabry a d\u00e9cid\u00e9 de quitter\u00a0Arsenal\u00a0en 2016. L\u203aailier allemand avait rejoint les Gunners en 2011 en provenance de\u00a0Stuttgart, mais avait eu du mal \u00e0 s\u2019\u00e9tablir en \u00e9quipe premi\u00e8re, avec seulement 18 apparitions \u00e0 son actif. Gnabry a rejoint d\u00e9finitivement leWerder Br\u00eame\u00a0en 2016 avant de s\u203aengager au\u00a0Bayern Munich\u00a0un an plus tard. Depuis, le joueur de 25 ans n\u203aa cess\u00e9 de progresser chez les g\u00e9ants de laBundesliga.<\/span><\/p>\n<p class=\"p2 c4\"><span class=\"c2\"><strong>\u00abMaintenant l\u2019un des joueurs dominants en\u00a0Allemagne\u00bb<\/strong><\/span><\/p>\n<p class=\"p1 c3\"><span class=\"c2\">Il a d\u2019ailleurs marqu\u00e9 un doubl\u00e9 crucial alors que le Bayern battait\u00a0Lyon\u00a0en demi-finale de la Ligue des champions mercredi (3-0), Ars\u00e8ne Wenger s\u2019empressant de souligner la performance de son ancien prot\u00e9g\u00e9. \u00abN\u2019oublions pas Gnabry, je l\u2019ai achet\u00e9 \u00e0 15 ans \u00e0 Stuttgart et il a \u00e9t\u00e9 beaucoup bless\u00e9\u00bb,\u00a0a d\u00e9clar\u00e9 Wenger \u00e0 beIN Sports. \u00abIl est cr\u00e9atif, il sait marquer des buts, droitier, gaucher, bonne puissance, bonne p\u00e9n\u00e9tration, tr\u00e8s, tr\u00e8s intelligent avec le timing de ses courses. Sa tendance \u00e9tait d\u2019\u00eatre un peu trop facile (&#8230;) mais il a beaucoup m\u00fbri et est maintenant l\u2019un des joueurs dominants en Allemagne\u00bb, a ensuite ajout\u00e9 l\u2019ancien entra\u00eeneur d\u2019Arsenal.<\/span><\/p>\n<p class=\"p1 c3\"><span class=\"c2\">Alors que Gnabry n\u2019avait pas encore montr\u00e9 son plein potentiel en 2016 et \u00e9tait aux prises avec des blessures r\u00e9currentes, Wenger a r\u00e9v\u00e9l\u00e9 qu\u2019il souhaitait d\u00e9sesp\u00e9r\u00e9ment que l\u2019attaquant allemand reste \u00e0 Arsenal.\u00a0\u00abNon, non, nous avions un accord avec lui, vous savez\u00bb\u00a0dit Wenger.\u00a0\u00abJe l\u2019avais pr\u00eat\u00e9 \u00e0 West Brom et il n\u2019a pas jou\u00e9 de match. Il est revenu, il a \u00e9t\u00e9 bless\u00e9. Nous avons travaill\u00e9 tr\u00e8s dur avec lui pendant six mois et il est sorti avec l\u2019\u00e9quipe nationale allemande des moins de 21 ans, et le Bayern a conclu un accord avec le Werder Br\u00eame. Il voulait signer \u00e0 la fin, il ne voulait pas prolonger son contrat (avec Arsenal) et j\u2019\u00e9tais tr\u00e8s triste\u00bb, s\u2019est souvenu le technicien.<\/span><\/p>\n<p class=\"p1 c3\"><span class=\"c2\">Bien que Wenger ait \u00e9t\u00e9 impressionn\u00e9 par la performance de Serge Gnabry contre Lyon, l\u2019ancien patron d\u2019Arsenal a not\u00e9 que la d\u00e9fense du Bayern devait se resserrer avant d\u2019affronter le\u00a0Paris Saint-Germain\u00a0en finale de la\u00a0Ligue des champions\u00a0dimanche.\u00a0\u00abIls \u00e9taient trop ouverts ce soir pour rivaliser avec le Paris Saint-Germain\u00bb, a not\u00e9 Wenger.<\/span><\/p>\n<p>Auteur: letemps1<br \/>\n<a href=\"http:\/\/www.letemps.com.tn\/article\/116567\/wenger-savait-que-gnabry-deviendrait-une-star\">Cliquez ici pour lire l&rsquo;article depuis sa source.<\/a><\/p>\n","protected":false},"excerpt":{"rendered":"<p>L\u2019ancien entra\u00eeneur d\u2019Arsenal regrette que l\u2019Allemand ne se soit jamais impos\u00e9 chez les Gunners, malgr\u00e9 un potentiel qui crevait l\u2019\u00e9cran. Ars\u00e8ne Wenger a r\u00e9v\u00e9l\u00e9 qu\u2019il \u00e9tait \u00abtr\u00e8s triste\u00bb lorsque Serge Gnabry a d\u00e9cid\u00e9 de quitter\u00a0Arsenal\u00a0en 2016. L\u203aailier allemand avait rejoint les Gunners en 2011 en provenance de\u00a0Stuttgart, mais avait eu du mal \u00e0 s\u2019\u00e9tablir en [&hellip;]<\/p>\n","protected":false},"author":1773,"featured_media":0,"comment_status":"closed","ping_status":"closed","sticky":false,"template":"","format":"standard","meta":{"fifu_image_url":"","fifu_image_alt":"","footnotes":""},"categories":[73,55],"tags":[],"class_list":["post-96385","post","type-post","status-publish","format-standard","hentry","category-actualite","category-tunisie"],"_links":{"self":[{"href":"https:\/\/linitiative.ca\/International\/wp-json\/wp\/v2\/posts\/96385","targetHints":{"allow":["GET"]}}],"collection":[{"href":"https:\/\/linitiative.ca\/International\/wp-json\/wp\/v2\/posts"}],"about":[{"href":"https:\/\/linitiative.ca\/International\/wp-json\/wp\/v2\/types\/post"}],"author":[{"embeddable":true,"href":"https:\/\/linitiative.ca\/International\/wp-json\/wp\/v2\/users\/1773"}],"replies":[{"embeddable":true,"href":"https:\/\/linitiative.ca\/International\/wp-json\/wp\/v2\/comments?post=96385"}],"version-history":[{"count":0,"href":"https:\/\/linitiative.ca\/International\/wp-json\/wp\/v2\/posts\/96385\/revisions"}],"wp:attachment":[{"href":"https:\/\/linitiative.ca\/International\/wp-json\/wp\/v2\/media?parent=96385"}],"wp:term":[{"taxonomy":"category","embeddable":true,"href":"https:\/\/linitiative.ca\/International\/wp-json\/wp\/v2\/categories?post=96385"},{"taxonomy":"post_tag","embeddable":true,"href":"https:\/\/linitiative.ca\/International\/wp-json\/wp\/v2\/tags?post=96385"}],"curies":[{"name":"wp","href":"https:\/\/api.w.org\/{rel}","templated":true}]}}