{"id":96386,"date":"2020-08-21T11:40:00","date_gmt":"2020-08-21T15:40:00","guid":{"rendered":"https:\/\/linitiative.ca\/International\/can-et-matches-des-aigles-de-carthage-reportes-par-la-fifa\/"},"modified":"2020-08-21T11:40:00","modified_gmt":"2020-08-21T15:40:00","slug":"can-et-matches-des-aigles-de-carthage-reportes-par-la-fifa","status":"publish","type":"post","link":"https:\/\/linitiative.ca\/International\/can-et-matches-des-aigles-de-carthage-reportes-par-la-fifa\/","title":{"rendered":"CAN et matches des Aigles de Carthage report\u00e9s par la FIFA"},"content":{"rendered":"<p class=\"p1 c3\"><span class=\"c2\">Les Aigles de Carthage ne vont pas se retrouver au mois de septembre prochain comme pr\u00e9vu auparavant. La CAN, quant \u00e0 elle, est officiellement repouss\u00e9e par la FIFA jusqu\u2019en janvier 2022. En effet, sans liaisons a\u00e9riennes, les matchs internationaux ne sont pas jouables.<\/span><\/p>\n<p class=\"p1 c3\"><span class=\"c2\">Un nouveau report dans le calendrier Fifa. L\u2019instance vient d\u2019annuler les regroupements pr\u00e9vus au mois de septembre \u00e0 cause des probl\u00e8mes que connait encore l\u2019activit\u00e9 a\u00e9rienne. Ainsi, les clubs ne seront plus dans l\u2019obligation de lib\u00e9rer leurs joueurs internationaux en septembre. Une nouvelle date Fifa a \u00e9t\u00e9 programm\u00e9e entre le 24 janvier et le 1er f\u00e9vrier apr\u00e8s avoir report\u00e9 officiellement la CAN 2021 d\u2019une ann\u00e9e.<\/span><\/p>\n<p class=\"p1 c3\"><span class=\"c2\">De son c\u00f4t\u00e9, la CAF attend toujours que la Fifa se d\u00e9cide concernant les stages pr\u00e9vus au mois d\u2019octobre. La CAF esp\u00e8re pouvoir organiser deux rencontres dans le cadre des \u00e9liminatoires pour la prochaine Coupe d\u2019Afrique des nations.<\/span><\/p>\n<p class=\"p1 c3\"><span class=\"c2\">La CAF devra se tordre pour pouvoir programmer tous les matchs avant le mois de juin qui connaitra, lui, le d\u00e9but des qualifications pour la Coupe du monde. La Fifa pr\u00e9voit d\u2019ailleurs que les stages du mois de juin prochain seront plus longs pour pouvoir jouer 4 rencontres.\u00a0<\/span><\/p>\n<p class=\"p1 c3\"><span class=\"c2\">L\u2019instance dirig\u00e9e par Gianni Infantino a aussi annonc\u00e9 officiellement que la CAN se jouera en janvier 2022. Les dates pr\u00e9cises seront communiqu\u00e9es ult\u00e9rieurement.<\/span><\/p>\n<p class=\"p1 c3\"><span class=\"c2\">La Fifa ajoute dans son communiqu\u00e9 que la commission Covid poursuit son travail et surveille minutieusement ce qui se passe dans le monde pour permettre une meilleure programmation.<\/span><\/p>\n<p class=\"p2 c4\"><span class=\"c2\"><strong>R.B.A<\/strong><\/span><\/p>\n<p>Auteur: letemps1<br \/>\n<a href=\"http:\/\/www.letemps.com.tn\/article\/116568\/can-et-matches-des-aigles-de-carthage-report%C3%A9s-par-la-fifa\">Cliquez ici pour lire l&rsquo;article depuis sa source.<\/a><\/p>\n","protected":false},"excerpt":{"rendered":"<p>Les Aigles de Carthage ne vont pas se retrouver au mois de septembre prochain comme pr\u00e9vu auparavant. La CAN, quant \u00e0 elle, est officiellement repouss\u00e9e par la FIFA jusqu\u2019en janvier 2022. En effet, sans liaisons a\u00e9riennes, les matchs internationaux ne sont pas jouables. Un nouveau report dans le calendrier Fifa. L\u2019instance vient d\u2019annuler les regroupements [&hellip;]<\/p>\n","protected":false},"author":1773,"featured_media":0,"comment_status":"closed","ping_status":"closed","sticky":false,"template":"","format":"standard","meta":{"fifu_image_url":"","fifu_image_alt":"","footnotes":""},"categories":[73,55],"tags":[],"class_list":["post-96386","post","type-post","status-publish","format-standard","hentry","category-actualite","category-tunisie"],"_links":{"self":[{"href":"https:\/\/linitiative.ca\/International\/wp-json\/wp\/v2\/posts\/96386","targetHints":{"allow":["GET"]}}],"collection":[{"href":"https:\/\/linitiative.ca\/International\/wp-json\/wp\/v2\/posts"}],"about":[{"href":"https:\/\/linitiative.ca\/International\/wp-json\/wp\/v2\/types\/post"}],"author":[{"embeddable":true,"href":"https:\/\/linitiative.ca\/International\/wp-json\/wp\/v2\/users\/1773"}],"replies":[{"embeddable":true,"href":"https:\/\/linitiative.ca\/International\/wp-json\/wp\/v2\/comments?post=96386"}],"version-history":[{"count":0,"href":"https:\/\/linitiative.ca\/International\/wp-json\/wp\/v2\/posts\/96386\/revisions"}],"wp:attachment":[{"href":"https:\/\/linitiative.ca\/International\/wp-json\/wp\/v2\/media?parent=96386"}],"wp:term":[{"taxonomy":"category","embeddable":true,"href":"https:\/\/linitiative.ca\/International\/wp-json\/wp\/v2\/categories?post=96386"},{"taxonomy":"post_tag","embeddable":true,"href":"https:\/\/linitiative.ca\/International\/wp-json\/wp\/v2\/tags?post=96386"}],"curies":[{"name":"wp","href":"https:\/\/api.w.org\/{rel}","templated":true}]}}