{"id":96387,"date":"2020-08-21T11:40:00","date_gmt":"2020-08-21T15:40:00","guid":{"rendered":"https:\/\/linitiative.ca\/International\/la-piste-nabil-kouki-pure-intox\/"},"modified":"2020-08-21T11:40:00","modified_gmt":"2020-08-21T15:40:00","slug":"la-piste-nabil-kouki-pure-intox","status":"publish","type":"post","link":"https:\/\/linitiative.ca\/International\/la-piste-nabil-kouki-pure-intox\/","title":{"rendered":"La piste Nabil Kouki, pure intox\u00a0!"},"content":{"rendered":"<p class=\"p1 c3\"><span class=\"c2\">L\u2019information relay\u00e9e mercredi par radio Mosa\u00efque faisant \u00e9tat de contacts entre la direction de l\u2019Etoile et Nabil Kouki, s\u2019est av\u00e9r\u00e9e d\u00e9nu\u00e9e de tout fondement, puisque de l\u2019aveu m\u00eame de Chokri Laamiri premier responsable de la section football de l\u2019ESS, il n\u2019a jamais \u00e9t\u00e9 question d\u2019une telle option.<\/span><\/p>\n<p class=\"p1 c3\"><span class=\"c2\">La pr\u00e9sence de Nabil Kouki ces derniers jours pour un s\u00e9jour de vacances \u00e0 Sousse a laiss\u00e9 libre cours \u00e0 ce genre d\u2019all\u00e9gations.<\/span><\/p>\n<p class=\"p1 c3\"><span class=\"c2\"><span class=\"Apple-converted-space\">\u00a0<\/span>Lemerre, piste d\u00e9finitivement abandonn\u00e9e\u00a0?<\/span><\/p>\n<p class=\"p1 c3\"><span class=\"c2\">C\u2019\u00e9tait dans l\u2019air depuis quelque temps et tous les indices convergeaient vers un tel constat. Roger Lemerre ne sera pas l\u2019entraineur de l\u2019Etoile pour la saison 2020-2021,apr\u00e8s un \u00e9ni\u00e8me volte-face de ce dernier et ses interminables tergiversations, qui ont fini par exasp\u00e9rer cette fois-ci la sph\u00e8re d\u00e9cisionnelle de l\u2019Etoile, qui elle aussi semble r\u00e9solument \u00e9carter une telle orientation, d\u2019autant plus que le tandem Chebil-Nafkha est en train de faire un travail remarquable et a assur\u00e9 une transition pas facile \u00e0 n\u00e9gocier d\u2019une mani\u00e8re efficiente jusqu\u2019ici malgr\u00e9 quelques d\u00e9faillances dans la gestion manag\u00e9riale de quelques phases lors de certaines rencontres. Toutefois, si la d\u00e9cision de confirmer Naoufel Chebil est ent\u00e9rin\u00e9e, il va falloir le conforter express\u00e9ment pour l\u2019int\u00e9r\u00eat des diff\u00e9rentes parties, parce qu\u2019un d\u00e9cideur front-liner a grandement besoin de s\u00e9curit\u00e9 et de confiance pour mener \u00e0 bien sa mission et pousser ainsi l\u2019entourage de l\u2019\u00e9quipe avec toutes ses composantes \u00e0 lui accorder justement toute la confiance requise.<\/span><\/p>\n<p class=\"p2 c4\">\u00a0<\/p>\n<p class=\"p3 c5\"><span class=\"c2\"><strong>Hatem REGAIEG<\/strong><\/span><\/p>\n<p>Auteur: letemps1<br \/>\n<a href=\"http:\/\/www.letemps.com.tn\/article\/116569\/la-piste-nabil-kouki-pure-intox%C2%A0\">Cliquez ici pour lire l&rsquo;article depuis sa source.<\/a><\/p>\n","protected":false},"excerpt":{"rendered":"<p>L\u2019information relay\u00e9e mercredi par radio Mosa\u00efque faisant \u00e9tat de contacts entre la direction de l\u2019Etoile et Nabil Kouki, s\u2019est av\u00e9r\u00e9e d\u00e9nu\u00e9e de tout fondement, puisque de l\u2019aveu m\u00eame de Chokri Laamiri premier responsable de la section football de l\u2019ESS, il n\u2019a jamais \u00e9t\u00e9 question d\u2019une telle option. La pr\u00e9sence de Nabil Kouki ces derniers jours [&hellip;]<\/p>\n","protected":false},"author":1773,"featured_media":0,"comment_status":"closed","ping_status":"closed","sticky":false,"template":"","format":"standard","meta":{"fifu_image_url":"","fifu_image_alt":"","footnotes":""},"categories":[73,55],"tags":[],"class_list":["post-96387","post","type-post","status-publish","format-standard","hentry","category-actualite","category-tunisie"],"_links":{"self":[{"href":"https:\/\/linitiative.ca\/International\/wp-json\/wp\/v2\/posts\/96387","targetHints":{"allow":["GET"]}}],"collection":[{"href":"https:\/\/linitiative.ca\/International\/wp-json\/wp\/v2\/posts"}],"about":[{"href":"https:\/\/linitiative.ca\/International\/wp-json\/wp\/v2\/types\/post"}],"author":[{"embeddable":true,"href":"https:\/\/linitiative.ca\/International\/wp-json\/wp\/v2\/users\/1773"}],"replies":[{"embeddable":true,"href":"https:\/\/linitiative.ca\/International\/wp-json\/wp\/v2\/comments?post=96387"}],"version-history":[{"count":0,"href":"https:\/\/linitiative.ca\/International\/wp-json\/wp\/v2\/posts\/96387\/revisions"}],"wp:attachment":[{"href":"https:\/\/linitiative.ca\/International\/wp-json\/wp\/v2\/media?parent=96387"}],"wp:term":[{"taxonomy":"category","embeddable":true,"href":"https:\/\/linitiative.ca\/International\/wp-json\/wp\/v2\/categories?post=96387"},{"taxonomy":"post_tag","embeddable":true,"href":"https:\/\/linitiative.ca\/International\/wp-json\/wp\/v2\/tags?post=96387"}],"curies":[{"name":"wp","href":"https:\/\/api.w.org\/{rel}","templated":true}]}}