{"id":96417,"date":"2020-08-21T10:11:00","date_gmt":"2020-08-21T14:11:00","guid":{"rendered":"https:\/\/linitiative.ca\/International\/des-intellectuels-et-anciens-responsables-arabes-en-appellent-a-lopinion-mondiale-pour-mettre-fin-a-la-depossession-des-palestiniens-de-leurs-droits\/"},"modified":"2020-08-21T10:11:00","modified_gmt":"2020-08-21T14:11:00","slug":"des-intellectuels-et-anciens-responsables-arabes-en-appellent-a-lopinion-mondiale-pour-mettre-fin-a-la-depossession-des-palestiniens-de-leurs-droits","status":"publish","type":"post","link":"https:\/\/linitiative.ca\/International\/des-intellectuels-et-anciens-responsables-arabes-en-appellent-a-lopinion-mondiale-pour-mettre-fin-a-la-depossession-des-palestiniens-de-leurs-droits\/","title":{"rendered":"Des intellectuels et anciens responsables arabes en appellent \u00e0 l&rsquo;opinion mondiale pour mettre fin \u00e0 la d\u00e9possession des Palestiniens de leurs droits"},"content":{"rendered":"<p>Nous, soussign\u00e9s, intellectuels arabes, anciens responsables politiques, militants des droits humains, universitaires, juristes, scientifiques, artistes, nous adressons \u00e0 l\u2019opinion publique mondiale et l\u2019appelons \u00e0 se joindre \u00e0 nous en signant ce document \u00e0 leur tour.<\/p>\n<p>La d\u00e9possession du peuple palestinien de ses droits est arriv\u00e9e \u00e0 un tournant d\u00e9cisif, Isra\u00ebl ayant entam\u00e9 l\u2019annexion de larges pans des territoires occup\u00e9s en se basant sur le plan Trump-Netanyahu, dit \u00ab le march\u00e9 du si\u00e8cle \u00bb. Ce plan isra\u00e9lo-am\u00e9ricain, destin\u00e9 \u00e0 r\u00e9aliser le r\u00eave sioniste de Th\u00e9odore Herzl, celui d\u2019une mainmise sur la totalit\u00e9 de la Palestine historique, viole les principes de l\u2019autod\u00e9termination et de la paix fond\u00e9e sur la justice. Il illustre en outre, plus que jamais, le soutien absolu des \u00c9tats-Unis \u00e0 la politique annexionniste isra\u00e9lienne, faisant fi du droit international et des r\u00e9solutions vot\u00e9es par l\u2019ONU pendant plusieurs d\u00e9cennies.<\/p>\n<p class=\"c2\"><img decoding=\"async\" src=\"\/uploads\/FCK_files\/Anexation-1.jpg\" alt=\"\" width=\"100%\" vspace=\"5\" hspace=\"5\" align=\"middle\"\/><\/p>\n<p>La port\u00e9e de ce plan se r\u00e9v\u00e8le \u00e0 la lumi\u00e8re de la loi constitutionnelle isra\u00e9lienne de 2018 qui stipule que \u00ab l\u2019exercice du droit \u00e0 l\u2019autod\u00e9termination dans l\u2019\u00c9tat d\u2019Isra\u00ebl est un droit exclusif du peuple juif \u00bb. En \u00e9tendant son autorit\u00e9 sur l\u2019ensemble des territoires palestiniens, Isra\u00ebl d\u00e9nie en th\u00e9orie, selon cette loi,\u00a0 et en pratique, selon ce plan, les droits inali\u00e9nables du peuple palestinien d\u2019exercer sa souverainet\u00e9 sur son sol. Il d\u00e9truit les fondements de toute solution fond\u00e9e sur le droit international et \u00e9tend \u00e0 toute la Palestine historique un syst\u00e8me juridique de discrimination institutionnelle, de s\u00e9gr\u00e9gation et d\u2019in\u00e9galit\u00e9\u00a0 &#8211; y compris la promulgation de lois sp\u00e9cifiques pour chaque groupe ethnique de la population \u2013 et cela \u00e0 l\u2019instar de l\u2019apartheid qui s\u00e9vissait en Afrique du Sud.<\/p>\n<p>Le peuple palestinien, sous l\u2019occupation \u00e0 J\u00e9rusalem, en Cisjordanie et \u00e0 Gaza, en Isra\u00ebl et les r\u00e9fugi\u00e9s ou exil\u00e9s en diaspora, en d\u00e9pit des divergences politiques entre ses dirigeants, serre ses rangs pour r\u00e9sister \u00e0 ce plan et \u00e0 toutes les violations de ses droits commises par l\u2019occupation militaire isra\u00e9lienne.\u00a0 Il b\u00e9n\u00e9ficie toujours du soutien des autres peuples arabes qui s\u2019opposent \u00e0 la politique\u00a0 isra\u00e9lienne en Palestine et dans le Golan &#8211; quelle que soit la r\u00e9action tr\u00e8s molle de certains gouvernements au plan Trump-Netanyahu. Nous proclamons notre solidarit\u00e9 avec le peuple palestinien comme avec les autres peuples arabes qui consid\u00e8rent que la cause palestinienne est la leur aussi.<\/p>\n<p>Nous soutenons le droit des Palestiniens \u00e0 user de tous les moyens l\u00e9gitimes pour r\u00e9sister \u00e0 l\u2019occupation, \u00e0 l\u2019oppression et \u00e0 la discrimination, y compris leur droit d\u2019appeler pour y mettre fin aux boycott, d\u00e9sinvestissement et sanctions \u00e9conomiques et financi\u00e8res. Ce sont des moyens pacifiques d\u00e9j\u00e0 utilis\u00e9s avec succ\u00e8s par les Irlandais, les Indiens et les Sud-Africains dans leurs justes luttes contre le colonialisme, de m\u00eame que par les Noirs aux \u00c9tats-Unis qui appellent de nos jours au boycott des institutions qui les oppriment. Nous les soutenons et ne cesserons de d\u00e9fendre le droit des Palestiniens de recourir aux m\u00eames m\u00e9thodes et autres moyens reconnus par le droit international dans leur combat contre l\u2019annexion de leurs terres et leur privation de leurs droits nationaux et politiques, religieux et civiques.<\/p>\n<p>Nous consid\u00e9rons que toutes les\u00a0 d\u00e9marches entreprises par le gouvernement de Netanyahu et par l\u2019administration de Trump pour r\u00e9aliser leur plan, d\u2019ailleurs condamn\u00e9 par la grande majorit\u00e9 des membres de l\u2019ONU, sont ill\u00e9gales et ill\u00e9gitimes, nulles et non avenues. La communaut\u00e9 internationale ne peut cependant se contenter de d\u00e9clarations diplomatiques ti\u00e8des et de protestations verbales qui ne feront jamais cesser la d\u00e9possession des Palestiniens de leurs terres et de leurs droits. Seules des mesures concr\u00e8tes de soutien arabe et international au peuple palestinien dans sa lutte pour la libert\u00e9, la justice, l\u2019\u00e9galit\u00e9 et la souverainet\u00e9 nationale, ainsi que des sanctions internationales \u00e0 l\u2019encontre d\u2019Isra\u00ebl feront reculer Netanyahu et Trump en leur faisant cher payer le co\u00fbt de leur plan qui constitue une menace \u00e0 l\u2019encontre de la paix mondiale et la s\u00e9curit\u00e9.<\/p>\n<p>Nous, soussign\u00e9s, nous engageons \u00e0 agir ensemble et avec d\u2019autres dans un processus l\u00e9gitime en vue de parvenir \u00e0 une juste solution du conflit, respectant les droits individuels, collectifs et nationaux des Palestiniens.<\/p>\n<p><span class=\"c4\"><span class=\"c3\"><strong>Signataires par ordre alphab\u00e9tique<\/strong><\/span><\/span><\/p>\n<p><span class=\"c5\">\u2022<\/span> Abbas Mubarak Boudarga, <em>\u00c9crivain et militant des droits de l&rsquo;homme, Maroc<\/em><\/p>\n<p><span class=\"c5\">\u2022<\/span> Abdelaziz Rahabi, <em>Ancien ministre de la Culture et de l&rsquo;Information et militant politique, Alg\u00e9rie<\/em><\/p>\n<p><span class=\"c5\">\u2022<\/span> Abdessattar Ben Moussa, <em>Laur\u00e9at du Prix Nobel de la Paix, Tunisie<\/em><\/p>\n<p><span class=\"c5\">\u2022<\/span> Abdul Rahman Al-Tamimi, <em>Directeur G\u00e9n\u00e9ral du Groupe palestinien d&rsquo;hydrologie<\/em><\/p>\n<p><span class=\"c5\">\u2022<\/span> Abdullah Ezzat Sobeih, <em>Ph.D. de droit international et Avocat palestinien<\/em><\/p>\n<p><span class=\"c5\">\u2022<\/span> Ahmad Fawzi, <em>Ancien d\u00e9put\u00e9 du porte-parole des Nations Unies, Boutos Boutros-Ghali et Kofi Annan, Egypte<\/em><\/p>\n<p><span class=\"c5\">\u2022<\/span> Ahmad Ould Tekdi, <em>Ancien ministre des Affaires \u00e9trang\u00e8res, Mauritanie<\/em><\/p>\n<p><span class=\"c5\">\u2022<\/span> Ahmed Ouna\u00efes, <em>Ancien ministre des Affaires \u00e9trang\u00e8res, Tunisie<\/em><\/p>\n<p><span class=\"c5\">\u2022<\/span> Aida Touma, <em>Membre de la Knesset pour la Liste Commune, Palestine<\/em><\/p>\n<p><span class=\"c5\">\u2022<\/span> Ali Fakhro, <em>Ancien ministre de la Culture, Bahrain<\/em><\/p>\n<p><span class=\"c5\">\u2022<\/span> Amir Makhoul, <em>Militant civique et prisonnier lib\u00e9r\u00e9, Palestine<\/em><\/p>\n<p><span class=\"c5\">\u2022<\/span> Amr Moussa, <em>Ancien Secr\u00e9taire-G\u00e9n\u00e9ral de la Ligue Arabe<\/em><\/p>\n<p><span class=\"c5\">\u2022<\/span> Camille Mansour, <em>Chercheur et \u00e9crivain, Palestine<\/em><\/p>\n<p><span class=\"c5\">\u2022<\/span> Dia Azzawi, <em>Artiste, Irak<\/em><\/p>\n<p><span class=\"c5\">\u2022<\/span> Elias Khoury, <em>Romancier et \u00e9crivain, Liban<\/em><\/p>\n<p><span class=\"c5\">\u2022<\/span> Fadel Mahfouz, <em>Laur\u00e9at du Prix Nobel de la Paix, Tunisie<\/em><\/p>\n<p><span class=\"c5\">\u2022<\/span> Fahd al-Halabi, <em>Artiste syrien, Le Golan occup\u00e9<\/em><\/p>\n<p><span class=\"c5\">\u2022<\/span> Fathallah Oualalou, <em>Ancien ministre des Finances, Maroc<\/em><\/p>\n<p><span class=\"c5\">\u2022<\/span> Fouad Siniora, <em>Ancien Premier ministre, Liban<\/em><\/p>\n<p><span class=\"c5\">\u2022<\/span> Gamil Matar, <em>\u00c9crivain et journaliste, Egypte<\/em><\/p>\n<p><span class=\"c5\">\u2022<\/span> Ghassan Al-Khatib, <em>Acad\u00e9mique et Ancien ministre de la planification, Palestine<\/em><\/p>\n<p><span class=\"c5\">\u2022<\/span> Ghassan Salam\u00e9, <em>Ancien ministre libanais de la Culture, Liban<\/em><\/p>\n<p><span class=\"c5\">\u2022<\/span> Habib Ben Yahia, <em>Homme politique tunisien<\/em><\/p>\n<p><span class=\"c5\">\u2022<\/span> Hanane Achrawi, <em>Membre du Comit\u00e9 ex\u00e9cutif de l\u2019OLP<\/em><\/p>\n<p><span class=\"c5\">\u2022<\/span> Hani Al-Masri, <em>Directeur g\u00e9n\u00e9ral du Masarat Centre Masarat pour la recherche sur les politiques et les \u00e9tudes strat\u00e9giques, Palestine<\/em><\/p>\n<p><span class=\"c5\">\u2022<\/span> Hassan Jabareen, <em>Directeur G\u00e9n\u00e9ral du Centre juridique pour les droits des minorit\u00e9s arabes en Isra\u00ebl<\/em><\/p>\n<p><span class=\"c5\">\u2022<\/span> Heba Yazbek, <em>Membre de la Knesset pour la Liste Commune<\/em><\/p>\n<p><span class=\"c5\">\u2022<\/span> Houcine Abassi, <em>Laur\u00e9at du Prix Nobel de la Paix, Tunisie<\/em><\/p>\n<p><span class=\"c5\">\u2022<\/span> Issa Qaraqe, <em>Ancien ministre des Affaires des prisonniers, Palestine<\/em><\/p>\n<p><span class=\"c5\">\u2022<\/span> Issam Younis, <em>Directeur du Centre Al Mezan pour les droits de l&rsquo;homme &#8211; Gaza, et le Commissaire g\u00e9n\u00e9ral de la Commission ind\u00e9pendante des droits de l&rsquo;homme, Palestine<\/em><\/p>\n<p><span class=\"c5\">\u2022<\/span> Iyad Allaoui, <em>Ancien premier ministre, Irak<\/em><\/p>\n<p><span class=\"c5\">\u2022<\/span> Khaled Farraj, <em>Chercheur palestinien<\/em><\/p>\n<p><span class=\"c5\">\u2022<\/span> Khamis Jhinaoui, <em>Ancien ministre des Affaires \u00e9trang\u00e8res, Tunisie<\/em><\/p>\n<p><span class=\"c5\">\u2022<\/span> Lakhdar Brahimi, <em>Ancien ministre des Affaires \u00e9trang\u00e8res, Alg\u00e9rie<\/em><\/p>\n<p><span class=\"c5\">\u2022<\/span> Maher Charif, <em>\u00c9crivain et historien, Palestine<\/em><\/p>\n<p><span class=\"c5\">\u2022<\/span> Mahmoud Yazbek, <em>\u00c9crivain et historien, Palestine<\/em><\/p>\n<p><span class=\"c5\">\u2022<\/span> Majid Al Qasmani, <em>Militant des m\u00e9dias syriens<\/em><\/p>\n<p><span class=\"c5\">\u2022<\/span> Mamdouh Al-Aker, <em>M\u00e9decin et Ancien commissaire de la Commission ind\u00e9pendante des droits de l&rsquo;homme, Palestine<\/em><\/p>\n<p><span class=\"c5\">\u2022<\/span> Miloud Shinovey, <em>Acad\u00e9mique, Canada<\/em><\/p>\n<p><span class=\"c5\">\u2022<\/span> Mohamed Bedjaoui, <em>Ancien ministre des Affaires \u00e9trang\u00e8res et Ancien juge \u00e0 la Cour internationale de justice, Alg\u00e9rie<\/em><\/p>\n<p><span class=\"c5\">\u2022<\/span> Mohamed Fayek, <em>Pr\u00e9sident de l&rsquo;Organisation nationale des droits de l&rsquo;homme, et Ancien conseiller du Pr\u00e9sident Nasser pour les affaires africaines, \u00c9gypte<\/em><\/p>\n<p><span class=\"c5\">\u2022<\/span> Mohsen Al-Aini, <em>Ancien Premier ministre du Y\u00e9men<\/em><\/p>\n<p><span class=\"c5\">\u2022<\/span> Mourad Benmehidi, <em>Ancien ambassadeur, Alg\u00e9rie<\/em><\/p>\n<p><span class=\"c5\">\u2022<\/span> Muhammad Barakeh, <em>Pr\u00e9sident du Comit\u00e9 de suivi arabe et Ancien membre de la Knesset, Palestine<\/em><\/p>\n<p><span class=\"c5\">\u2022<\/span> Munib Rashid Al-Masry, <em>Militant palestinien et homme d&rsquo;affaires<\/em><\/p>\n<p><span class=\"c5\">\u2022<\/span> Munir Fakhreddine, <em>Acad\u00e9mique syrien, Le Golan occup\u00e9<\/em><\/p>\n<p><span class=\"c5\">\u2022<\/span> Nazir Al-Arabawi, <em>Ancien ambassadeur, Alg\u00e9rie<\/em><\/p>\n<p><span class=\"c5\">\u2022<\/span> Rachid Khalidi, <em>Acad\u00e9mique, Edward Said Professeur d&rsquo;\u00e9tudes arabes \u00e0 l&rsquo;Universit\u00e9 de Columbia, Palestine<\/em><\/p>\n<p><span class=\"c5\">\u2022<\/span> Raef Zreik, <em>\u00c9crivain et acad\u00e9mique, Palestine<\/em><\/p>\n<p><span class=\"c5\">\u2022<\/span> Ramtane Lamamra, <em>Ancien ministre des Affaires \u00e9trang\u00e8res, Alg\u00e9rie<\/em><\/p>\n<p><span class=\"c5\">\u2022<\/span> Rima Khalaf, <em>\u00c9conomiste et politicienne jordanienne<\/em><\/p>\n<p><span class=\"c5\">\u2022<\/span> Said Djinnit, <em>Ancien Sous-Secr\u00e9taire G\u00e9n\u00e9ral du Secr\u00e9taire G\u00e9n\u00e9ral des Nations Unies, et Ancien Commissaire G\u00e9n\u00e9ral aux affaires de paix et de s\u00e9curit\u00e9 \u00e0 l&rsquo;Organisation de l&rsquo;unit\u00e9 africaine, Alg\u00e9rie<\/em><\/p>\n<p><span class=\"c5\">\u2022<\/span> Salaheddine Mezouar, <em>Ancien ministre marocain des Affaires \u00e9trang\u00e8res<\/em><\/p>\n<p><span class=\"c5\">\u2022<\/span> Salam Fayyad, <em>Acad\u00e9mique (Ancien Premier ministre palestinien), Palestine<\/em><\/p>\n<p><span class=\"c5\">\u2022<\/span> Salim Abu Jabal, <em>Cin\u00e9aste syrien, Le Golan Occup\u00e9<\/em><\/p>\n<p><span class=\"c5\">\u2022<\/span> Salim Tamari, <em>\u00c9crivain et acad\u00e9mique, Palestine<\/em><\/p>\n<p><span class=\"c5\">\u2022<\/span> Samir Abdul Hadi, <em>Homme d&rsquo;affaires et membre du S\u00e9nat jordanien<\/em><\/p>\n<p><span class=\"c5\">\u2022<\/span> Slimane Mansour, <em>Artiste, Palestine<\/em><\/p>\n<p><span class=\"c5\">\u2022<\/span> Taher al-Masri, <em>Ancien Premier ministre et Ancien pr\u00e9sident du S\u00e9nat, Jordanie<\/em><\/p>\n<p><span class=\"c5\">\u2022<\/span> Talal Awkal, <em>\u00c9crivain et journaliste, Palestine<\/em><\/p>\n<p><span class=\"c5\">\u2022<\/span> Tarek Mitri, <em>Ancien ministre libanais et Repr\u00e9sentant sp\u00e9cial du Secr\u00e9taire G\u00e9n\u00e9ral des Nations Unies en Libye<\/em><\/p>\n<p><span class=\"c5\">\u2022<\/span> Waheed Abdel-Majid, <em>\u00c9crivain et chercheur, Directeur du Centre Al-Ahram d&rsquo;\u00e9tudes politiques et strat\u00e9giques, \u00c9gypte<\/em><\/p>\n<p><span class=\"c5\">\u2022<\/span> Walid Joumblatt, <em>Homme politique libanais<\/em><\/p>\n<p><span class=\"c5\">\u2022<\/span> Weam Amasha, <em>Militant politique syrien, Le Golan occup\u00e9<\/em><\/p>\n<p><span class=\"c5\">\u2022<\/span> Widad Bouchamaoui, <em>Laur\u00e9at du Prix Nobel de la Paix, Tunisie<br \/><\/em><\/p>\n<p>Auteur:<br \/>\n<a href=\"https:\/\/www.leaders.com.tn\/article\/30455-des-intellectuels-et-anciens-responsables-arabes-en-appellent-a-l-opinion-mondiale-pour-mettre-fin-a-la-depossession-des-palestiniens-de-leurs-droits\">Cliquez ici pour lire l&rsquo;article depuis sa source.<\/a><\/p>\n","protected":false},"excerpt":{"rendered":"<p>Nous, soussign\u00e9s, intellectuels arabes, anciens responsables politiques, militants des droits humains, universitaires, juristes, scientifiques, artistes, nous adressons \u00e0 l\u2019opinion publique mondiale et l\u2019appelons \u00e0 se joindre \u00e0 nous en signant ce document \u00e0 leur tour. La d\u00e9possession du peuple palestinien de ses droits est arriv\u00e9e \u00e0 un tournant d\u00e9cisif, Isra\u00ebl ayant entam\u00e9 l\u2019annexion de larges [&hellip;]<\/p>\n","protected":false},"author":1772,"featured_media":96418,"comment_status":"closed","ping_status":"closed","sticky":false,"template":"","format":"standard","meta":{"fifu_image_url":"","fifu_image_alt":"","footnotes":""},"categories":[73,55],"tags":[],"class_list":["post-96417","post","type-post","status-publish","format-standard","has-post-thumbnail","hentry","category-actualite","category-tunisie"],"_links":{"self":[{"href":"https:\/\/linitiative.ca\/International\/wp-json\/wp\/v2\/posts\/96417","targetHints":{"allow":["GET"]}}],"collection":[{"href":"https:\/\/linitiative.ca\/International\/wp-json\/wp\/v2\/posts"}],"about":[{"href":"https:\/\/linitiative.ca\/International\/wp-json\/wp\/v2\/types\/post"}],"author":[{"embeddable":true,"href":"https:\/\/linitiative.ca\/International\/wp-json\/wp\/v2\/users\/1772"}],"replies":[{"embeddable":true,"href":"https:\/\/linitiative.ca\/International\/wp-json\/wp\/v2\/comments?post=96417"}],"version-history":[{"count":0,"href":"https:\/\/linitiative.ca\/International\/wp-json\/wp\/v2\/posts\/96417\/revisions"}],"wp:featuredmedia":[{"embeddable":true,"href":"https:\/\/linitiative.ca\/International\/wp-json\/"}],"wp:attachment":[{"href":"https:\/\/linitiative.ca\/International\/wp-json\/wp\/v2\/media?parent=96417"}],"wp:term":[{"taxonomy":"category","embeddable":true,"href":"https:\/\/linitiative.ca\/International\/wp-json\/wp\/v2\/categories?post=96417"},{"taxonomy":"post_tag","embeddable":true,"href":"https:\/\/linitiative.ca\/International\/wp-json\/wp\/v2\/tags?post=96417"}],"curies":[{"name":"wp","href":"https:\/\/api.w.org\/{rel}","templated":true}]}}