{"id":96419,"date":"2020-08-21T12:04:00","date_gmt":"2020-08-21T16:04:00","guid":{"rendered":"https:\/\/linitiative.ca\/International\/deces-du-professeur-mohamed-gueddiche-medecin-personnel-de-ben-ali\/"},"modified":"2020-08-21T12:04:00","modified_gmt":"2020-08-21T16:04:00","slug":"deces-du-professeur-mohamed-gueddiche-medecin-personnel-de-ben-ali","status":"publish","type":"post","link":"https:\/\/linitiative.ca\/International\/deces-du-professeur-mohamed-gueddiche-medecin-personnel-de-ben-ali\/","title":{"rendered":"D\u00e9c\u00e8s du professeur Mohamed  Gueddiche, m\u00e9decin personnel de Ben Ali"},"content":{"rendered":"<p class=\"rtejustify\">Le m\u00e9decin personnel et ministre conseiller de Ben Ali, le professeur Mohamed Gueddiche est d\u00e9c\u00e9d\u00e9 ce vendredi 21 ao\u00fbt des suites d&rsquo;une longue maladie. Il \u00e9tait \u00e2g\u00e9 de 78 ans.<\/p>\n<p class=\"rtejustify\">Directeur de la sant\u00e9 militaire, ce professeur en Cardiologie avait contribu\u00e9 au d\u00e9veloppement de cette sp\u00e9cialit\u00e9 dans les h\u00f4pitaux tunisiens. Il \u00e9tait \u00e9galement directeur-fondateur\u00a0 de la Revue Tunisienne de la Sant\u00e9 Militaire.<\/p>\n<p>Mohamed Gueddiche \u00e9tait aussi membre-fondateur de la\u00a0Revue tunisienne de la sant\u00e9 militaire, \u00e9dit\u00e9e par la direction g\u00e9n\u00e9rale de la sant\u00e9 militaire.<\/p>\n<p>Auteur:<br \/>\n<a href=\"https:\/\/www.leaders.com.tn\/article\/30457-deces-du-professeur-mohamed-gueddiche-medecin-personnel-de-ben-ali\">Cliquez ici pour lire l&rsquo;article depuis sa source.<\/a><\/p>\n","protected":false},"excerpt":{"rendered":"<p>Le m\u00e9decin personnel et ministre conseiller de Ben Ali, le professeur Mohamed Gueddiche est d\u00e9c\u00e9d\u00e9 ce vendredi 21 ao\u00fbt des suites d&rsquo;une longue maladie. Il \u00e9tait \u00e2g\u00e9 de 78 ans. Directeur de la sant\u00e9 militaire, ce professeur en Cardiologie avait contribu\u00e9 au d\u00e9veloppement de cette sp\u00e9cialit\u00e9 dans les h\u00f4pitaux tunisiens. Il \u00e9tait \u00e9galement directeur-fondateur\u00a0 de [&hellip;]<\/p>\n","protected":false},"author":1772,"featured_media":0,"comment_status":"closed","ping_status":"closed","sticky":false,"template":"","format":"standard","meta":{"fifu_image_url":"","fifu_image_alt":"","footnotes":""},"categories":[73,55],"tags":[],"class_list":["post-96419","post","type-post","status-publish","format-standard","hentry","category-actualite","category-tunisie"],"_links":{"self":[{"href":"https:\/\/linitiative.ca\/International\/wp-json\/wp\/v2\/posts\/96419","targetHints":{"allow":["GET"]}}],"collection":[{"href":"https:\/\/linitiative.ca\/International\/wp-json\/wp\/v2\/posts"}],"about":[{"href":"https:\/\/linitiative.ca\/International\/wp-json\/wp\/v2\/types\/post"}],"author":[{"embeddable":true,"href":"https:\/\/linitiative.ca\/International\/wp-json\/wp\/v2\/users\/1772"}],"replies":[{"embeddable":true,"href":"https:\/\/linitiative.ca\/International\/wp-json\/wp\/v2\/comments?post=96419"}],"version-history":[{"count":0,"href":"https:\/\/linitiative.ca\/International\/wp-json\/wp\/v2\/posts\/96419\/revisions"}],"wp:attachment":[{"href":"https:\/\/linitiative.ca\/International\/wp-json\/wp\/v2\/media?parent=96419"}],"wp:term":[{"taxonomy":"category","embeddable":true,"href":"https:\/\/linitiative.ca\/International\/wp-json\/wp\/v2\/categories?post=96419"},{"taxonomy":"post_tag","embeddable":true,"href":"https:\/\/linitiative.ca\/International\/wp-json\/wp\/v2\/tags?post=96419"}],"curies":[{"name":"wp","href":"https:\/\/api.w.org\/{rel}","templated":true}]}}