{"id":96436,"date":"2020-08-21T13:18:02","date_gmt":"2020-08-21T17:18:02","guid":{"rendered":"https:\/\/linitiative.ca\/International\/presidentielle-ivoirienne-la-candidature-dalassane-ouattara-est-legale-estime-le-gouvernement\/"},"modified":"2020-08-21T13:18:02","modified_gmt":"2020-08-21T17:18:02","slug":"presidentielle-ivoirienne-la-candidature-dalassane-ouattara-est-legale-estime-le-gouvernement","status":"publish","type":"post","link":"https:\/\/linitiative.ca\/International\/presidentielle-ivoirienne-la-candidature-dalassane-ouattara-est-legale-estime-le-gouvernement\/","title":{"rendered":"Pr\u00e9sidentielle ivoirienne: \u00abLa candidature d\u2019Alassane Ouattara est l\u00e9gale\u00bb, estime le gouvernement"},"content":{"rendered":"<div readability=\"32\">\n<p>Publi\u00e9 le 21.08.2020 \u00e0 18h18 par APA News<\/p>\n<\/div>\n<div readability=\"85\">\n<p>La candidature du pr\u00e9sident ivoirien Alassane Ouattara \u00e0 la pr\u00e9sidentielle d\u2019octobre prochain est \u00ab l\u00e9gale et conforme au principe fondamental de non-r\u00e9troactivit\u00e9 des lois\u00bb, a estim\u00e9 vendredi Sidi Ti\u00e9moko Tour\u00e9, le porte-parole du gouvernement ivoirien dans un communiqu\u00e9 transmis \u00e0 APA.\u00ab (\u2026) Il me pla\u00eet \u00e9galement d\u2019indiquer que conform\u00e9ment \u00e0 la nouvelle constitution du 08 novembre 2016 instaurant la IIIe R\u00e9publique, dont le peuple souverain s\u2019est librement dot\u00e9, cette candidature est l\u00e9gale et conforme au principe fondamental de la non-r\u00e9troactivit\u00e9 des lois\u00bb, a soutenu M. Tour\u00e9 dans ce communiqu\u00e9.\u00a0<\/p>\n<p>Selon lui, l\u2019article 183 de la constitution relative \u00e0 la continuit\u00e9 l\u00e9gislative brandit par l\u2019opposition ivoirienne comme \u00e9tant la disposition qui devrait emp\u00eacher la candidature de M. Ouattara, \u00a0concerne l\u2019ensemble des textes de loi en vigueur dans notre pays et non l\u2019ensemble des dispositions de l\u2019ancienne constitution.\u00a0<\/p>\n<p>\u00ab Elle concerne donc l\u2019ensemble des textes de loi en vigueur dans notre pays et non l\u2019ensemble des dispositions de l\u2019ancienne constitution. Il est bon de pr\u00e9ciser qu\u2019en aucun moment cet article ne mentionne que les dispositions de la pr\u00e9c\u00e9dente Constitution qui venait d\u2019\u00eatre abrog\u00e9e sont reconduites\u00bb, a affirm\u00e9 M. Tour\u00e9 qui est \u00e9galement le ministre de la Communication et des m\u00e9dias.<\/p>\n<p>\u00a0L\u2019article 183 de la constitution ivoirienne relative \u00e0 la continuit\u00e9 l\u00e9gislative pr\u00e9voit que: \u00ab la l\u00e9gislation actuellement en vigueur en C\u00f4te d\u2019Ivoire reste applicable, sauf l\u2019intervention de textes nouveaux, en ce qu\u2019elle n\u2019a rien de contraire \u00e0 la pr\u00e9sente Constitution \u00bb.<\/p>\n<p>\u00a0\u00ab En tout \u00e9tat de cause, notre pays dispose, aujourd\u2019hui, d\u2019Institutions fortes, modernes et ind\u00e9pendantes. En la mati\u00e8re, il reviendra au Conseil Constitutionnel de trancher d\u00e9finitivement sur cette question, ainsi que celles relatives \u00e0 toutes les autres candidatures d\u00e9clar\u00e9es\u00bb, a conclu le porte-parole de l\u2019ex\u00e9cutif ivoirien.\u00a0<\/p>\n<p>Le 06 ao\u00fbt dernier, dans une adresse solennelle \u00e0 la nation \u00e0 la veille du 60\u00e9me anniversaire de l\u2019accession \u00e0 l\u2019ind\u00e9pendance de la C\u00f4te d\u2019Ivoire, le pr\u00e9sident ivoirien Alassane Ouattara a reconsid\u00e9r\u00e9 sa position annon\u00e7ant sa candidature \u00e0 la pr\u00e9sidentielle d\u2019octobre prochain.\u00a0<\/p>\n<p>Depuis lors, cette candidature de M. Ouattara diversement interpr\u00e9t\u00e9e ( un premier mandat de la troisi\u00e8me R\u00e9publique selon le pouvoir et un troisi\u00e8me mandat selon l\u2019opposition), est d\u00e9nonc\u00e9e par l\u2019opposition qui organise de plus en plus des manifestations de rue dans le pays. La pr\u00e9sidentielle ivoirienne est pr\u00e9vue le 31 octobre 2020.<\/p>\n<\/div>\n<p>Auteur: APA News<br \/>\n<a href=\"https:\/\/www.journalducameroun.com\/presidentielle-ivoirienne-la-candidature-dalassane-ouattara-est-legale-estime-le-gouvernement\/\">Cliquez ici pour lire l&rsquo;article depuis sa source.<\/a><\/p>\n","protected":false},"excerpt":{"rendered":"<p>Publi\u00e9 le 21.08.2020 \u00e0 18h18 par APA News La candidature du pr\u00e9sident ivoirien Alassane Ouattara \u00e0 la pr\u00e9sidentielle d\u2019octobre prochain est \u00ab l\u00e9gale et conforme au principe fondamental de non-r\u00e9troactivit\u00e9 des lois\u00bb, a estim\u00e9 vendredi Sidi Ti\u00e9moko Tour\u00e9, le porte-parole du gouvernement ivoirien dans un communiqu\u00e9 transmis \u00e0 APA.\u00ab (\u2026) Il me pla\u00eet \u00e9galement d\u2019indiquer [&hellip;]<\/p>\n","protected":false},"author":1965,"featured_media":0,"comment_status":"closed","ping_status":"closed","sticky":false,"template":"","format":"standard","meta":{"fifu_image_url":"","fifu_image_alt":"","footnotes":""},"categories":[73,82],"tags":[],"class_list":["post-96436","post","type-post","status-publish","format-standard","hentry","category-actualite","category-cameroun"],"_links":{"self":[{"href":"https:\/\/linitiative.ca\/International\/wp-json\/wp\/v2\/posts\/96436","targetHints":{"allow":["GET"]}}],"collection":[{"href":"https:\/\/linitiative.ca\/International\/wp-json\/wp\/v2\/posts"}],"about":[{"href":"https:\/\/linitiative.ca\/International\/wp-json\/wp\/v2\/types\/post"}],"author":[{"embeddable":true,"href":"https:\/\/linitiative.ca\/International\/wp-json\/wp\/v2\/users\/1965"}],"replies":[{"embeddable":true,"href":"https:\/\/linitiative.ca\/International\/wp-json\/wp\/v2\/comments?post=96436"}],"version-history":[{"count":0,"href":"https:\/\/linitiative.ca\/International\/wp-json\/wp\/v2\/posts\/96436\/revisions"}],"wp:attachment":[{"href":"https:\/\/linitiative.ca\/International\/wp-json\/wp\/v2\/media?parent=96436"}],"wp:term":[{"taxonomy":"category","embeddable":true,"href":"https:\/\/linitiative.ca\/International\/wp-json\/wp\/v2\/categories?post=96436"},{"taxonomy":"post_tag","embeddable":true,"href":"https:\/\/linitiative.ca\/International\/wp-json\/wp\/v2\/tags?post=96436"}],"curies":[{"name":"wp","href":"https:\/\/api.w.org\/{rel}","templated":true}]}}