{"id":96442,"date":"2020-08-21T06:29:24","date_gmt":"2020-08-21T10:29:24","guid":{"rendered":"https:\/\/linitiative.ca\/International\/le-cameroun-tient-son-fonds-de-developpement-du-secteur-de-lelectricite\/"},"modified":"2020-08-21T06:29:24","modified_gmt":"2020-08-21T10:29:24","slug":"le-cameroun-tient-son-fonds-de-developpement-du-secteur-de-lelectricite","status":"publish","type":"post","link":"https:\/\/linitiative.ca\/International\/le-cameroun-tient-son-fonds-de-developpement-du-secteur-de-lelectricite\/","title":{"rendered":"Le Cameroun tient son Fonds de d\u00e9veloppement du secteur de l\u2019\u00e9lectricit\u00e9"},"content":{"rendered":"<div class=\"featured-area featured-area-inner\"><img loading=\"lazy\" decoding=\"async\" width=\"750\" height=\"421\" src=\"https:\/\/ecomatin.net\/wp-content\/uploads\/2020\/08\/photo-article-fond-de-l\u00e9lectricit\u00e9.jpg\" class=\"attachment-full size-full wp-post-image\" alt=\"\" srcset=\"https:\/\/ecomatin.net\/wp-content\/uploads\/2020\/08\/photo-article-fond-de-l&#xE9;lectricit&#xE9;.jpg 750w, https:\/\/ecomatin.net\/wp-content\/uploads\/2020\/08\/photo-article-fond-de-l&#xE9;lectricit&#xE9;-300x168.jpg 300w, https:\/\/ecomatin.net\/wp-content\/uploads\/2020\/08\/photo-article-fond-de-l&#xE9;lectricit&#xE9;-390x220.jpg 390w, https:\/\/ecomatin.net\/wp-content\/uploads\/2020\/08\/photo-article-fond-de-l&#xE9;lectricit&#xE9;-600x337.jpg 600w\" sizes=\"auto, (max-width: 750px) 100vw, 750px\" data-attachment-id=\"17997\" data-permalink=\"https:\/\/ecomatin.net\/le-cameroun-tient-son-fonds-de-developpement-du-secteur-de-lelectricite\/photo-article-fond-de-lelectricite\/\" data-orig-file=\"https:\/\/ecomatin.net\/wp-content\/uploads\/2020\/08\/photo-article-fond-de-l&#xE9;lectricit&#xE9;.jpg\" data-orig-size=\"750,421\" data-comments-opened=\"0\" data-image-meta=\"{&quot;aperture&quot;:&quot;0&quot;,&quot;credit&quot;:&quot;&quot;,&quot;camera&quot;:&quot;&quot;,&quot;caption&quot;:&quot;&quot;,&quot;created_timestamp&quot;:&quot;0&quot;,&quot;copyright&quot;:&quot;&quot;,&quot;focal_length&quot;:&quot;0&quot;,&quot;iso&quot;:&quot;0&quot;,&quot;shutter_speed&quot;:&quot;0&quot;,&quot;title&quot;:&quot;&quot;,&quot;orientation&quot;:&quot;0&quot;}\" data-image-title=\"photo article fond de l&amp;rsquo;&#xE9;lectricit&#xE9;\" data-image-description=\"\" data-medium-file=\"https:\/\/ecomatin.net\/wp-content\/uploads\/2020\/08\/photo-article-fond-de-l&#xE9;lectricit&#xE9;-300x168.jpg\" data-large-file=\"https:\/\/ecomatin.net\/wp-content\/uploads\/2020\/08\/photo-article-fond-de-l&#xE9;lectricit&#xE9;.jpg\"\/><\/div>\n<div class=\"entry-content entry clearfix\" readability=\"36.998640688718\">\n<p>Le d\u00e9cret pris le 19 ao\u00fbt par le chef de l\u2019Etat explique\u00a0 que le fonds du d\u00e9veloppement du secteur de l\u2019\u00e9lectricit\u00e9 (Fdse) se comporte comme un compte d\u2019affectation sp\u00e9cial. Celui-ci aura donc pour missions le financement des activit\u00e9s relatives \u00e0 l\u2019\u00e9laboration et la mise en \u0153uvre des politiques et strat\u00e9gies dans le secteur de l\u2019\u00e9lectricit\u00e9\u00a0; des \u00e9tudes relatives \u00e0 la planification et au d\u00e9veloppement des activit\u00e9s du secteur de l\u2019\u00e9lectricit\u00e9\u00a0; des \u00e9tudes de faisabilit\u00e9 et investissements n\u00e9cessaires \u00e0 la r\u00e9alisation des infrastructures du secteur de l\u2019\u00e9lectricit\u00e9\u00a0; des op\u00e9rations de recherche et de d\u00e9veloppement dans le secteur de l\u2019\u00e9lectricit\u00e9 etc<em>.<\/em><\/p>\n<p><strong>Lire aussi<\/strong> : <a href=\"https:\/\/ecomatin.net\/edc-devient-le-principal-producteur-delectricite-au-cameroun\/\">EDC devient le principal producteur du Cameroun<\/a><\/p>\n<p>Les ressources du Fonds proviendront notamment des contributions annuelles des op\u00e9rateurs titulaires d\u2019un titre de concession, licence ou autres autorisations. Ils devront donc contribuer \u00e0 hauteur d\u20191% de leur chiffre d\u2019affaires annuel hors taxe. Le Fdse devra aussi recevoir le financement d\u2019une quote-part de la redevance d\u2019eau ou droits d\u2019eau\u00a0; des ressources du budget de l\u2019Etat au titre de sa contribution ou sa participation aux op\u00e9rations de structures juridique et financi\u00e8re des projets du secteur d\u2019\u00e9lectricit\u00e9\u00a0; des subventions de l\u2019Etat; d\u2019une quote-part des droits d\u2019entr\u00e9e ou de renouvellement des titres des op\u00e9rateurs du secteur de l\u2019\u00e9lectricit\u00e9 ; d\u2019une quote-part des amendes et p\u00e9nalit\u00e9s collect\u00e9es au titre de la loi n\u00b02011 \/022 du 14 d\u00e9cembre 2011 r\u00e9gissant le secteur de l\u2019\u00e9lectricit\u00e9 ; de toute autre ressource qui pourrait lui \u00eatre accord\u00e9e par la loi.\u00a0<\/p>\n<p><strong>Lire aussi<\/strong> : <a href=\"https:\/\/ecomatin.net\/electricite-larsel-veut-alleger-les-procedures-pour-la-delivrance-des-titres-de-distribution\/\">Electricit\u00e9\u00a0: l\u2019Arsel veut all\u00e9ger les proc\u00e9dures pour la d\u00e9livrance des titres de distribution<\/a><\/p>\n<p>Par ailleurs, pour les d\u00e9penses les interventions du Fonds vont s\u2019op\u00e9rer \u00e0 travers cinq guichets distincts et autonomes \u00ab\u00a0le guichet des politiques et strat\u00e9gies ; le guichet de d\u00e9veloppement des projets du secteur de l\u2019\u00e9lectricit\u00e9 ; le guichet du suivi, de la r\u00e9gulation et du contr\u00f4le des activit\u00e9s du secteur de l\u2019\u00e9lectricit\u00e9 ; le guichet de gestion du risque hydrologique ; le guichet de d\u00e9veloppement des comp\u00e9tences .des ressources humaines locales dans le secteur de l\u2019\u00e9lectricit\u00e9 \u00bb.<\/p>\n<p>Notons que la cr\u00e9ation de ce fonds du d\u00e9veloppement du secteur de l\u2019\u00e9lectricit\u00e9 est adoss\u00e9e \u00e0 la constitution d\u2019un\u00a0 comit\u00e9 de validation de ses projets et activit\u00e9s prioritaires.<\/p>\n<p><strong>Lire aussi<\/strong> : <a href=\"https:\/\/ecomatin.net\/orients-sugar-industry-veut-augmenter-sa-production-annuelle-de-mais-et-de-soja\/\">Dimako\u00a0:<\/a> <a href=\"https:\/\/ecomatin.net\/orients-sugar-industry-veut-augmenter-sa-production-annuelle-de-mais-et-de-soja\/\">Orient Sugar &amp; Industry veut produire de l\u2019\u00e9lectricit\u00e9 \u00e0 base des d\u00e9chets de canne \u00e0 sucre<\/a><\/p>\n<div class=\"awac-wrapper awac widget posts-list-widget-11\">\n<h4 class=\"widget-title\">Le plus r\u00e9cent<\/h4>\n<\/div>\n<\/div>\n<p>Auteur: Eco Matin<br \/>\n<a href=\"https:\/\/ecomatin.net\/le-cameroun-tient-son-fonds-de-developpement-du-secteur-de-lelectricite\/\">Cliquez ici pour lire l&rsquo;article depuis sa source.<\/a><\/p>\n","protected":false},"excerpt":{"rendered":"<p>Le d\u00e9cret pris le 19 ao\u00fbt par le chef de l\u2019Etat explique\u00a0 que le fonds du d\u00e9veloppement du secteur de l\u2019\u00e9lectricit\u00e9 (Fdse) se comporte comme un compte d\u2019affectation sp\u00e9cial. Celui-ci aura donc pour missions le financement des activit\u00e9s relatives \u00e0 l\u2019\u00e9laboration et la mise en \u0153uvre des politiques et strat\u00e9gies dans le secteur de l\u2019\u00e9lectricit\u00e9\u00a0; [&hellip;]<\/p>\n","protected":false},"author":1969,"featured_media":96443,"comment_status":"closed","ping_status":"closed","sticky":false,"template":"","format":"standard","meta":{"fifu_image_url":"","fifu_image_alt":"","footnotes":""},"categories":[82,78],"tags":[],"class_list":["post-96442","post","type-post","status-publish","format-standard","has-post-thumbnail","hentry","category-cameroun","category-economie"],"_links":{"self":[{"href":"https:\/\/linitiative.ca\/International\/wp-json\/wp\/v2\/posts\/96442","targetHints":{"allow":["GET"]}}],"collection":[{"href":"https:\/\/linitiative.ca\/International\/wp-json\/wp\/v2\/posts"}],"about":[{"href":"https:\/\/linitiative.ca\/International\/wp-json\/wp\/v2\/types\/post"}],"author":[{"embeddable":true,"href":"https:\/\/linitiative.ca\/International\/wp-json\/wp\/v2\/users\/1969"}],"replies":[{"embeddable":true,"href":"https:\/\/linitiative.ca\/International\/wp-json\/wp\/v2\/comments?post=96442"}],"version-history":[{"count":0,"href":"https:\/\/linitiative.ca\/International\/wp-json\/wp\/v2\/posts\/96442\/revisions"}],"wp:featuredmedia":[{"embeddable":true,"href":"https:\/\/linitiative.ca\/International\/wp-json\/"}],"wp:attachment":[{"href":"https:\/\/linitiative.ca\/International\/wp-json\/wp\/v2\/media?parent=96442"}],"wp:term":[{"taxonomy":"category","embeddable":true,"href":"https:\/\/linitiative.ca\/International\/wp-json\/wp\/v2\/categories?post=96442"},{"taxonomy":"post_tag","embeddable":true,"href":"https:\/\/linitiative.ca\/International\/wp-json\/wp\/v2\/tags?post=96442"}],"curies":[{"name":"wp","href":"https:\/\/api.w.org\/{rel}","templated":true}]}}