{"id":96448,"date":"2020-08-21T12:00:23","date_gmt":"2020-08-21T16:00:23","guid":{"rendered":"https:\/\/linitiative.ca\/International\/linauguration-du-complexe-mohammed-vi-de-football-donne-une-autre-dimension-a-la-discipline-un-haut-lieu-du-ballon-rond-voit-le-jour\/"},"modified":"2020-08-21T12:00:23","modified_gmt":"2020-08-21T16:00:23","slug":"linauguration-du-complexe-mohammed-vi-de-football-donne-une-autre-dimension-a-la-discipline-un-haut-lieu-du-ballon-rond-voit-le-jour","status":"publish","type":"post","link":"https:\/\/linitiative.ca\/International\/linauguration-du-complexe-mohammed-vi-de-football-donne-une-autre-dimension-a-la-discipline-un-haut-lieu-du-ballon-rond-voit-le-jour\/","title":{"rendered":"L\u2019inauguration du complexe Mohammed VI  de Football donne une autre dimension \u00e0 la discipline : Un haut lieu du ballon rond voit  le jour"},"content":{"rendered":"<p><img decoding=\"async\" class=\"post_layout_5_img\" src=\"http:\/\/aujourdhui.ma\/wp-content\/uploads\/2020\/08\/Sm-Le-Roi-complexe-Mohammed-VI-de-Football.jpg\" alt=\"L&#x2019;inauguration du complexe Mohammed VI de Football donne une autre dimension &#xE0; la discipline : Un haut lieu du ballon rond voit le jour\"\/><\/p>\n<p><span class=\"c5\"><strong>V\u00e9ritable bijou architectural, le complexe Mohammed VI de Football doit permettre \u00e0 la discipline de monter en gamme.<\/strong><\/span><span id=\"more-353586\"\/><\/p>\n<p>En effet, Sa Majest\u00e9 le Roi Mohammed VI a proc\u00e9d\u00e9, fin 2019 \u00e0 l\u2019arrondissement Hssain \u00e0 Sal\u00e9, \u00e0 l\u2019inauguration du Centre national de football de Ma\u00e2moura apr\u00e8s sa r\u00e9novation et sa reconstruction et a bien voulu le baptiser de son Auguste Nom \u201cComplexe Mohammed VI de Football\u201d.<br \/>Structure int\u00e9gr\u00e9e d\u00e9di\u00e9e \u00e0 la performance et au d\u00e9veloppement d\u2019une pratique footballistique de haut niveau, ce complexe, r\u00e9alis\u00e9 par la F\u00e9d\u00e9ration royale marocaine de football (FRMF), traduit la Haute sollicitude dont le Souverain n\u2019a eu de cesse d\u2019entourer le sport et la jeunesse et Sa volont\u00e9 d\u2019assurer aux professionnels du football national toutes les conditions de r\u00e9ussite et de succ\u00e8s afin qu\u2019ils puissent repr\u00e9senter leur pays comme il se doit.<br \/>Un concentr\u00e9 d\u2019expertise et de savoir-faire, le Complexe Mohammed VI de Football, \u00e9difi\u00e9 sur un terrain de 29,3 ha, est destin\u00e9 \u00e0 accueillir les \u00e9quipes nationales en stages de pr\u00e9paration, ainsi que les \u00e9quipes nationales \u00e9trang\u00e8res qui d\u00e9sirent effectuer leurs stages de concentration au Maroc.<br \/>L\u2019ouverture de cet \u00e9difice sportif aux \u00e9quipes \u00e9trang\u00e8res lui permettra \u00e9galement de s\u2019\u00e9riger en levier de d\u00e9veloppement du tourisme national et de promouvoir le rayonnement international du Royaume.<\/p>\n<p>Le nouveau Complexe, qui a n\u00e9cessit\u00e9 une enveloppe de 630 millions de dirhams (MDH), est dot\u00e9 d\u2019infrastructures et d\u2019\u00e9quipements de pointe, conformes aux standards de la FIFA, qui en font l\u2019un des plus importants du monde. Il abrite ainsi des r\u00e9sidences pour l\u2019\u00e9quipe nationale A (66 chambres et 4 suites), pour les \u00e9quipes nationales U23 (3 blocs d\u2019h\u00e9bergement d\u2019une capacit\u00e9 de 150 lits), U17 (45 chambres d\u2019une capacit\u00e9 de 80 lits), et pour les gardiens de but (54 chambres d\u2019une capacit\u00e9 globale de 98 lits). Il comporte aussi quatre terrains de football en gazon naturel, trois terrains de football en gazon synth\u00e9tique, un terrain de football couvert, un terrain de football en hybride, une salle de r\u00e9athl\u00e9tisation pouvant accueillir des matchs de futsal, une piscine olympique en plein air, deux courts de tennis et un terrain de Beach Soccer.<\/p>\n<p>Le Complexe comprend \u00e9galement un Centre de m\u00e9decine de sport et de performance de nouvelle g\u00e9n\u00e9ration qui r\u00e9pond aux normes de la FIFA en la mati\u00e8re et disposant de salles de physioth\u00e9rapie, de test d\u2019effort, de m\u00e9decine dentaire, d\u2019ophtalmologie, de traumatologie, de psychologie, de podologie, de m\u00e9decine nutritionnelle, de radiologie, d\u2019\u00e9chographie, d\u2019\u00e9lectroth\u00e9rapie, d\u2019ost\u00e9odensitom\u00e9trie, de cryoth\u00e9rapie, outre une unit\u00e9 m\u00e9dicale mobile d\u2019urgence.<\/p>\n<p>Auteur: ALM<br \/>\n<a href=\"https:\/\/aujourdhui.ma\/actualite\/linauguration-du-complexe-mohammed-vi-de-football-donne-une-autre-dimension-a-la-discipline-un-haut-lieu-du-ballon-rond-voit-le-jour\">Cliquez ici pour lire l&rsquo;article depuis sa source.<\/a><\/p>\n","protected":false},"excerpt":{"rendered":"<p>V\u00e9ritable bijou architectural, le complexe Mohammed VI de Football doit permettre \u00e0 la discipline de monter en gamme. En effet, Sa Majest\u00e9 le Roi Mohammed VI a proc\u00e9d\u00e9, fin 2019 \u00e0 l\u2019arrondissement Hssain \u00e0 Sal\u00e9, \u00e0 l\u2019inauguration du Centre national de football de Ma\u00e2moura apr\u00e8s sa r\u00e9novation et sa reconstruction et a bien voulu le [&hellip;]<\/p>\n","protected":false},"author":1759,"featured_media":96449,"comment_status":"closed","ping_status":"closed","sticky":false,"template":"","format":"standard","meta":{"fifu_image_url":"","fifu_image_alt":"","footnotes":""},"categories":[73,54],"tags":[],"class_list":["post-96448","post","type-post","status-publish","format-standard","has-post-thumbnail","hentry","category-actualite","category-maroc"],"_links":{"self":[{"href":"https:\/\/linitiative.ca\/International\/wp-json\/wp\/v2\/posts\/96448","targetHints":{"allow":["GET"]}}],"collection":[{"href":"https:\/\/linitiative.ca\/International\/wp-json\/wp\/v2\/posts"}],"about":[{"href":"https:\/\/linitiative.ca\/International\/wp-json\/wp\/v2\/types\/post"}],"author":[{"embeddable":true,"href":"https:\/\/linitiative.ca\/International\/wp-json\/wp\/v2\/users\/1759"}],"replies":[{"embeddable":true,"href":"https:\/\/linitiative.ca\/International\/wp-json\/wp\/v2\/comments?post=96448"}],"version-history":[{"count":0,"href":"https:\/\/linitiative.ca\/International\/wp-json\/wp\/v2\/posts\/96448\/revisions"}],"wp:featuredmedia":[{"embeddable":true,"href":"https:\/\/linitiative.ca\/International\/wp-json\/"}],"wp:attachment":[{"href":"https:\/\/linitiative.ca\/International\/wp-json\/wp\/v2\/media?parent=96448"}],"wp:term":[{"taxonomy":"category","embeddable":true,"href":"https:\/\/linitiative.ca\/International\/wp-json\/wp\/v2\/categories?post=96448"},{"taxonomy":"post_tag","embeddable":true,"href":"https:\/\/linitiative.ca\/International\/wp-json\/wp\/v2\/tags?post=96448"}],"curies":[{"name":"wp","href":"https:\/\/api.w.org\/{rel}","templated":true}]}}