{"id":96452,"date":"2020-08-21T13:12:23","date_gmt":"2020-08-21T17:12:23","guid":{"rendered":"https:\/\/linitiative.ca\/International\/covid-19-maroc-la-situation-epidemiologique-au-21-aout-18h\/"},"modified":"2020-08-21T13:12:23","modified_gmt":"2020-08-21T17:12:23","slug":"covid-19-maroc-la-situation-epidemiologique-au-21-aout-18h","status":"publish","type":"post","link":"https:\/\/linitiative.ca\/International\/covid-19-maroc-la-situation-epidemiologique-au-21-aout-18h\/","title":{"rendered":"Covid-19 \/ Maroc : La situation \u00e9pid\u00e9miologique au 21 ao\u00fbt 18H"},"content":{"rendered":"<header>\n<\/header>\n<div class=\"entry-content clearfix\" readability=\"48\"><img decoding=\"async\" class=\"post_layout_5_img\" src=\"http:\/\/aujourdhui.ma\/wp-content\/uploads\/2020\/07\/Test-Covid-19-Coronavirus.jpg\" alt=\"Covid-19 \/ Maroc : La situation &#xE9;pid&#xE9;miologique au 21 ao&#xFB;t 18H\"\/><\/p>\n<p><span class=\"c5\"><strong>Entre hier \u00e0 18h et aujourd\u2019hui \u00e0 18h<\/strong><\/span><\/p>\n<p>1.609 nouveaux cas soit un cumul de 49.247 cas \u00e0 ce jour<br \/>1.393 gu\u00e9risons soit un cumul de 34.199 \u00e0 ce jour<br \/>42 nouveaux d\u00e9c\u00e8s donc un cumul de 817 ce jour<\/p>\n<p><span class=\"c6\"><strong>R\u00e9partition des 1.609 cas<\/strong><\/span><\/p>\n<p>Casablanca-Settat 488<br \/>F\u00e8s-Mekn\u00e8s 257<br \/>Souss-Massa 213<br \/>Marrakech-Safi 186<br \/>Rabat-Sal\u00e9-Kenitra 134<br \/>Tanger-T\u00e9touan 114<br \/>Beni Mellal-Khenifra 88<br \/>Dr\u00e2a-Tafilalet 66<br \/>Oriental 38<br \/>La\u00e2youne-Sakia El Hamra 11<br \/>Dakhla-Oued Eddahab 10<br \/>Guelmim-Oued Noun 4<\/p>\n<p><strong>Record des gu\u00e9risons 1.393<\/strong><br \/><strong>Record des d\u00e9c\u00e8s 42<\/strong><\/p>\n<p><strong><span class=\"c6\">Classement par villes<\/span><\/strong><\/p>\n<p>Casa 420<br \/>Inzegane 166<br \/>Marrakech 118<br \/>F\u00e8s 89<br \/>Sefrou 62<br \/>Beni Mellal 38<br \/>Mekn\u00e8s 37<br \/>Tanger 37<br \/>T\u00e9mara 32<br \/>Ouarzazate 32<br \/>K\u00e9nitra 27<br \/>Taza 26<br \/>T\u00e9touan 25<br \/>Azilal 25<br \/>El Haouz 24<br \/>Boulmane 23<br \/>Sal\u00e9 23<br \/>Errachidia 23<br \/>Agadir 22<br \/>Sidi Kacem 22<br \/>Nouaceur 18<br \/>Mdiq 18<br \/>Tiznit 17<br \/>Larache 17<br \/>Rabat 16<br \/>Settat 14<br \/>Taounate 14<br \/>Kelaat Sraghna 14<br \/>Youssoufia 14<br \/>Berrechid 13<br \/>Benslimane 12<br \/>Fquih Bensalah 11<br \/>Khouribga 11<br \/>Guercif 10<br \/>Sidi Slimane 9<br \/>Ouezzane 9<br \/>Oujda 8<br \/>Laayoune 8<br \/>Dakhla 8<br \/>Mohammedia 7<br \/>Taroudant 7<br \/>Chichaoua 7<br \/>Essaouira 7<br \/>Kh\u00e9nifra 7<br \/>Nador 7<br \/>Ifrane 5<br \/>Kh\u00e9misset 5<br \/>Chefchaouen 5<br \/>Midelt 5<br \/>Figuig 5<br \/>Tinghir 4<br \/>Berkane 4<br \/>Tan Tan 4<br \/>Al Hoceima 3<br \/>Jerada 3<br \/>El Jadida 2<br \/>Mediouna 2<br \/>Rhamna 2<br \/>Zagora 2<br \/>Boujdour 2<br \/>Aousserd 2<br \/>Moulay Yacoub 1<br \/>Chtouka Ait Baha 1<br \/>Driouch 1<br \/>Smara 1<\/p>\n<\/div>\n<p>Auteur: ALM<br \/>\n<a href=\"https:\/\/aujourdhui.ma\/actualite\/covid-19-maroc-la-situation-epidemiologique-au-21-aout-18h\">Cliquez ici pour lire l&rsquo;article depuis sa source.<\/a><\/p>\n","protected":false},"excerpt":{"rendered":"<p>Entre hier \u00e0 18h et aujourd\u2019hui \u00e0 18h 1.609 nouveaux cas soit un cumul de 49.247 cas \u00e0 ce jour1.393 gu\u00e9risons soit un cumul de 34.199 \u00e0 ce jour42 nouveaux d\u00e9c\u00e8s donc un cumul de 817 ce jour R\u00e9partition des 1.609 cas Casablanca-Settat 488F\u00e8s-Mekn\u00e8s 257Souss-Massa 213Marrakech-Safi 186Rabat-Sal\u00e9-Kenitra 134Tanger-T\u00e9touan 114Beni Mellal-Khenifra 88Dr\u00e2a-Tafilalet 66Oriental 38La\u00e2youne-Sakia El Hamra [&hellip;]<\/p>\n","protected":false},"author":1759,"featured_media":96453,"comment_status":"closed","ping_status":"closed","sticky":false,"template":"","format":"standard","meta":{"fifu_image_url":"","fifu_image_alt":"","footnotes":""},"categories":[73,54],"tags":[],"class_list":["post-96452","post","type-post","status-publish","format-standard","has-post-thumbnail","hentry","category-actualite","category-maroc"],"_links":{"self":[{"href":"https:\/\/linitiative.ca\/International\/wp-json\/wp\/v2\/posts\/96452","targetHints":{"allow":["GET"]}}],"collection":[{"href":"https:\/\/linitiative.ca\/International\/wp-json\/wp\/v2\/posts"}],"about":[{"href":"https:\/\/linitiative.ca\/International\/wp-json\/wp\/v2\/types\/post"}],"author":[{"embeddable":true,"href":"https:\/\/linitiative.ca\/International\/wp-json\/wp\/v2\/users\/1759"}],"replies":[{"embeddable":true,"href":"https:\/\/linitiative.ca\/International\/wp-json\/wp\/v2\/comments?post=96452"}],"version-history":[{"count":0,"href":"https:\/\/linitiative.ca\/International\/wp-json\/wp\/v2\/posts\/96452\/revisions"}],"wp:featuredmedia":[{"embeddable":true,"href":"https:\/\/linitiative.ca\/International\/wp-json\/"}],"wp:attachment":[{"href":"https:\/\/linitiative.ca\/International\/wp-json\/wp\/v2\/media?parent=96452"}],"wp:term":[{"taxonomy":"category","embeddable":true,"href":"https:\/\/linitiative.ca\/International\/wp-json\/wp\/v2\/categories?post=96452"},{"taxonomy":"post_tag","embeddable":true,"href":"https:\/\/linitiative.ca\/International\/wp-json\/wp\/v2\/tags?post=96452"}],"curies":[{"name":"wp","href":"https:\/\/api.w.org\/{rel}","templated":true}]}}