{"id":96454,"date":"2020-08-21T13:16:31","date_gmt":"2020-08-21T17:16:31","guid":{"rendered":"https:\/\/linitiative.ca\/International\/apres-le-crash-dun-avion-a-kenitra-causant-deux-morts-une-enquete-est-ouverte\/"},"modified":"2020-08-21T13:16:31","modified_gmt":"2020-08-21T17:16:31","slug":"apres-le-crash-dun-avion-a-kenitra-causant-deux-morts-une-enquete-est-ouverte","status":"publish","type":"post","link":"https:\/\/linitiative.ca\/International\/apres-le-crash-dun-avion-a-kenitra-causant-deux-morts-une-enquete-est-ouverte\/","title":{"rendered":"Apr\u00e8s le crash d\u2019un avion \u00e0 K\u00e9nitra causant deux morts : Une enqu\u00eate est ouverte"},"content":{"rendered":"<header>\n<\/header>\n<div class=\"entry-content clearfix\" readability=\"48\"><img decoding=\"async\" class=\"post_layout_5_img\" src=\"http:\/\/aujourdhui.ma\/wp-content\/uploads\/2020\/08\/crash-dun-avion-\u00e0-K\u00e9nitra.jpg\" alt=\"Apr&#xE8;s le crash d&#x2019;un avion &#xE0; K&#xE9;nitra causant deux morts : Une enqu&#xEA;te est ouverte\"\/><\/p>\n<p><span class=\"c5\"><strong>Suite au crash d\u2019un avion biplace jeudi \u00e0 K\u00e9nitra, faisant deux morts, le Bureau d\u2019Enqu\u00eates et d\u2019Analyses d\u2019accidents d\u2019aviation civile (BEA) a d\u00e9cid\u00e9 d\u2019ouvrir une enqu\u00eate technique pour d\u00e9terminer les causes de cet accident.<\/strong><\/span><span id=\"more-353687\"\/><\/p>\n<p>C\u2019est ce qu\u2019a annonc\u00e9 vendredi le minist\u00e8re du tourisme, de l\u2019artisanat, du transport a\u00e9rien et de l\u2019\u00e9conomie sociale dans un communiqu\u00e9. Dans ce sens, la Direction g\u00e9n\u00e9rale de l\u2019aviation civile relevant du minist\u00e8re a expliqu\u00e9 : \u00ab Conform\u00e9ment \u00e0 la r\u00e9glementation en vigueur, le bureau d\u2019enqu\u00eates et d\u2019analyses d\u2019accidents d\u2019aviation civile (BEA) a ouvert une enqu\u00eate technique pour d\u00e9terminer les causes et les circonstances de cet accident \u00bb.<\/p>\n<p>Notons qu\u2019un avion de type CESSNA immatricul\u00e9 CN-TCG appartenant \u00e0 l\u2019a\u00e9roclub royal de Rabat s\u2019est \u00e9cras\u00e9 jeudi dans la r\u00e9gion de K\u00e9nitra causant la mort de deux personnes \u00e0 bord<\/p>\n<\/div>\n<p>Auteur: ALM<br \/>\n<a href=\"https:\/\/aujourdhui.ma\/actualite\/apres-le-crash-dun-avion-a-kenitra-causant-deux-morts-une-enquete-est-ouverte\">Cliquez ici pour lire l&rsquo;article depuis sa source.<\/a><\/p>\n","protected":false},"excerpt":{"rendered":"<p>Suite au crash d\u2019un avion biplace jeudi \u00e0 K\u00e9nitra, faisant deux morts, le Bureau d\u2019Enqu\u00eates et d\u2019Analyses d\u2019accidents d\u2019aviation civile (BEA) a d\u00e9cid\u00e9 d\u2019ouvrir une enqu\u00eate technique pour d\u00e9terminer les causes de cet accident. C\u2019est ce qu\u2019a annonc\u00e9 vendredi le minist\u00e8re du tourisme, de l\u2019artisanat, du transport a\u00e9rien et de l\u2019\u00e9conomie sociale dans un communiqu\u00e9. [&hellip;]<\/p>\n","protected":false},"author":1759,"featured_media":96455,"comment_status":"closed","ping_status":"closed","sticky":false,"template":"","format":"standard","meta":{"fifu_image_url":"","fifu_image_alt":"","footnotes":""},"categories":[73,54],"tags":[],"class_list":["post-96454","post","type-post","status-publish","format-standard","has-post-thumbnail","hentry","category-actualite","category-maroc"],"_links":{"self":[{"href":"https:\/\/linitiative.ca\/International\/wp-json\/wp\/v2\/posts\/96454","targetHints":{"allow":["GET"]}}],"collection":[{"href":"https:\/\/linitiative.ca\/International\/wp-json\/wp\/v2\/posts"}],"about":[{"href":"https:\/\/linitiative.ca\/International\/wp-json\/wp\/v2\/types\/post"}],"author":[{"embeddable":true,"href":"https:\/\/linitiative.ca\/International\/wp-json\/wp\/v2\/users\/1759"}],"replies":[{"embeddable":true,"href":"https:\/\/linitiative.ca\/International\/wp-json\/wp\/v2\/comments?post=96454"}],"version-history":[{"count":0,"href":"https:\/\/linitiative.ca\/International\/wp-json\/wp\/v2\/posts\/96454\/revisions"}],"wp:featuredmedia":[{"embeddable":true,"href":"https:\/\/linitiative.ca\/International\/wp-json\/"}],"wp:attachment":[{"href":"https:\/\/linitiative.ca\/International\/wp-json\/wp\/v2\/media?parent=96454"}],"wp:term":[{"taxonomy":"category","embeddable":true,"href":"https:\/\/linitiative.ca\/International\/wp-json\/wp\/v2\/categories?post=96454"},{"taxonomy":"post_tag","embeddable":true,"href":"https:\/\/linitiative.ca\/International\/wp-json\/wp\/v2\/tags?post=96454"}],"curies":[{"name":"wp","href":"https:\/\/api.w.org\/{rel}","templated":true}]}}