{"id":96488,"date":"2020-08-22T11:36:00","date_gmt":"2020-08-22T15:36:00","guid":{"rendered":"https:\/\/linitiative.ca\/International\/sirat-mostaganem-les-habitants-du-douar-zorg-demandent-la-realisation-dun-groupe-scolaire\/"},"modified":"2020-08-22T11:36:00","modified_gmt":"2020-08-22T15:36:00","slug":"sirat-mostaganem-les-habitants-du-douar-zorg-demandent-la-realisation-dun-groupe-scolaire","status":"publish","type":"post","link":"https:\/\/linitiative.ca\/International\/sirat-mostaganem-les-habitants-du-douar-zorg-demandent-la-realisation-dun-groupe-scolaire\/","title":{"rendered":"SIRAT (MOSTAGANEM) : Les habitants du douar  \u2018\u2019Zorg\u2019\u2019 demandent la  r\u00e9alisation d\u2019un groupe scolaire"},"content":{"rendered":"<p><br id=\"sep_para_1\" class=\"sep_para access\"\/><\/p>\n<div id=\"para_1\" class=\"para_38354116 resize\">\n<div class=\"texte access firstletter\">Les habitants de la zone d&rsquo;ombre, \u2018\u2019douar Zorg\u2019\u2019\u00a0 relevant de la localit\u00e9 de Sirat dans la da\u00efra de Bouguirat demandent en urgence\u00a0 la r\u00e9alisation d&rsquo;un groupe scolaire. Cette localit\u00e9 qui compte une population de plus de 3000 \u00e2mes, a\u00a0\u00a0 \u00e9t\u00e9 d\u00e9sign\u00e9e pour mat\u00e9rialiser une \u00e9cole primaire de 6 divisions\u00a0 et cela depuis plus de cinq ans. Le choix de terrain, l&rsquo;\u00e9tude du sol et la d\u00e9signation de l&rsquo;entreprise ont \u00e9t\u00e9 entrepris derni\u00e8rement alors que le projet tarde \u00e0 venir selon les villageois.\u00a0 \u00ab Nos enfants poursuivent leur scolarisation dans diff\u00e9rents \u00e9tablissements loin de leur domicile en parcourant des kilom\u00e8tres pour rejoindre les \u00e9coles dans d&rsquo;autres communes avoisinantes \u00bb clament-t-ils. En ce sens, ces derniers sollicitent les autorit\u00e9s locales de\u00a0 relancer ce projet pour ne pas priver leurs enfants notamment les filles de la scolarisation, r\u00e9agissent-ils. Ajoutant \u00ab nous ne pouvons pas lib\u00e9rer nos filles pour faire des kilom\u00e8tres pour aller \u00e0 l&rsquo;\u00e9cole, vu que\u00a0 nous sommes des familles r\u00e9serv\u00e9es car, nous tenons \u00e0 nos traditions ancestrales \u00bb Notons que le probl\u00e8me\u00a0 de la surcharge des classes est soulev\u00e9 lors de la prochaine rentr\u00e9e scolaire\u00a0 dans quelques communes\u00a0 en particulier dans le cycle moyen et lyc\u00e9e dans des localit\u00e9s de Bouguirat, Sirat et Mesra o\u00f9,\u00a0 il y a\u00a0 une forte pression car la wilaya connait un d\u00e9ficit de 13 CEM\u00a0 et 14 \u00e9coles primaires en plus un manque de lyc\u00e9es dans la circonscription de Sidi Lakhdar, Hassi Mameche et Sayada.\u00a0\u00a0\u00a0\u00a0\u00a0\u00a0\u00a0\u00a0\u00a0\u00a0\u00a0\u00a0<\/div>\n<\/div>\n<p>Auteur: Gana Yacine<br \/>\n<a href=\"https:\/\/www.reflexiondz.net\/SIRAT-MOSTAGANEM-Les-habitants-du-douar-Zorg-demandent-la-realisation-d-un-groupe-scolaire_a64791.html\">Cliquez ici pour lire l&rsquo;article depuis sa source.<\/a><\/p>\n","protected":false},"excerpt":{"rendered":"<p>Les habitants de la zone d&rsquo;ombre, \u2018\u2019douar Zorg\u2019\u2019\u00a0 relevant de la localit\u00e9 de Sirat dans la da\u00efra de Bouguirat demandent en urgence\u00a0 la r\u00e9alisation d&rsquo;un groupe scolaire. Cette localit\u00e9 qui compte une population de plus de 3000 \u00e2mes, a\u00a0\u00a0 \u00e9t\u00e9 d\u00e9sign\u00e9e pour mat\u00e9rialiser une \u00e9cole primaire de 6 divisions\u00a0 et cela depuis plus de cinq [&hellip;]<\/p>\n","protected":false},"author":1740,"featured_media":0,"comment_status":"closed","ping_status":"closed","sticky":false,"template":"","format":"standard","meta":{"fifu_image_url":"","fifu_image_alt":"","footnotes":""},"categories":[53,76],"tags":[],"class_list":["post-96488","post","type-post","status-publish","format-standard","hentry","category-algerie","category-regions"],"_links":{"self":[{"href":"https:\/\/linitiative.ca\/International\/wp-json\/wp\/v2\/posts\/96488","targetHints":{"allow":["GET"]}}],"collection":[{"href":"https:\/\/linitiative.ca\/International\/wp-json\/wp\/v2\/posts"}],"about":[{"href":"https:\/\/linitiative.ca\/International\/wp-json\/wp\/v2\/types\/post"}],"author":[{"embeddable":true,"href":"https:\/\/linitiative.ca\/International\/wp-json\/wp\/v2\/users\/1740"}],"replies":[{"embeddable":true,"href":"https:\/\/linitiative.ca\/International\/wp-json\/wp\/v2\/comments?post=96488"}],"version-history":[{"count":0,"href":"https:\/\/linitiative.ca\/International\/wp-json\/wp\/v2\/posts\/96488\/revisions"}],"wp:attachment":[{"href":"https:\/\/linitiative.ca\/International\/wp-json\/wp\/v2\/media?parent=96488"}],"wp:term":[{"taxonomy":"category","embeddable":true,"href":"https:\/\/linitiative.ca\/International\/wp-json\/wp\/v2\/categories?post=96488"},{"taxonomy":"post_tag","embeddable":true,"href":"https:\/\/linitiative.ca\/International\/wp-json\/wp\/v2\/tags?post=96488"}],"curies":[{"name":"wp","href":"https:\/\/api.w.org\/{rel}","templated":true}]}}