{"id":96514,"date":"2020-08-22T16:53:55","date_gmt":"2020-08-22T20:53:55","guid":{"rendered":"https:\/\/linitiative.ca\/International\/rentree-scolaire-au-maroc-lenseignement-se-fera-a-distance\/"},"modified":"2020-08-22T16:53:55","modified_gmt":"2020-08-22T20:53:55","slug":"rentree-scolaire-au-maroc-lenseignement-se-fera-a-distance","status":"publish","type":"post","link":"https:\/\/linitiative.ca\/International\/rentree-scolaire-au-maroc-lenseignement-se-fera-a-distance\/","title":{"rendered":"Rentr\u00e9e scolaire au Maroc: l\u2019enseignement se fera \u00e0 distance"},"content":{"rendered":"<p><strong>L\u2019enseignement \u00e0 distance sera appliqu\u00e9 au d\u00e9but de l\u2019ann\u00e9e scolaire, pr\u00e9vue le 7 Septembre, pour tous les cycles et niveaux dans le public, le priv\u00e9 et les \u00e9coles des missions \u00e9trang\u00e8res.<\/strong><\/p>\n<div class=\"c10\"\/>\n<p>L\u2019enseignement pr\u00e9sentiel sera disponible pour les apprenants dont les tuteurs pr\u00e9f\u00e8rent cette m\u00e9thode. un m\u00e9canisme sera mis \u00e0 la disposition des familles qui souhaitent exprimer cette pr\u00e9f\u00e9rence.<\/p>\n<p><strong>Lire aussi | <a href=\"https:\/\/www.challenge.ma\/ces-autres-destinations-qui-attirent-les-marocains-153028\/\">Ces autres destinations qui attirent les \u00e9tudiants marocains<\/a><\/strong><\/p>\n<p>Par ailleurs, l\u2019examen r\u00e9gional unifi\u00e9 de la 1\u00e8re ann\u00e9e du baccalaur\u00e9at est report\u00e9 \u00e0 une date ult\u00e9rieure.<\/p>\n<p>D\u00e9tails \u00e0 suivre.<\/p>\n<p>[ Communiqu\u00e9 du Minist\u00e8re de l\u2019Education Nationale, de la Formation professionnelle, de l\u2019Enseignement Sup\u00e9rieur et de la Recherche Scientifique ]<\/p>\n<div class=\"vw-sticky-sidebar-wrapper vw-sticky-sidebar widget_text awac-wrapper widget_text awac widget custom_html-4 textwidget custom-html-widget\">\n<p class=\"has-background c12\"><span class=\"widget-title c11\">Tribune et D\u00e9bats<\/span><\/p>\n<p>La tribune qui vous parle d\u2019une actu, d\u2019un sujet qui fait d\u00e9bat, les traitent et les analysent. \u00c9conomistes et autres experts, patrons d\u2019entreprises, d\u00e9cideurs, acteurs de la soci\u00e9t\u00e9 civile, s\u2019y prononcent et contribuent \u00e0 sa grande richesse. Vous avez votre opinion, convergente ou diff\u00e9rente. Exprimez-la et mesurez-vous ainsi \u00e0 nos tribuns et d\u00e9batteurs.<\/p>\n<p>Envoyez vos analyses \u00e0 : <a href=\"\/cdn-cgi\/l\/email-protection#660509081207051226050e070a0a03080103480b07\"><span class=\"__cf_email__\" data-cfemail=\"bcdfd3d2c8dddfc8fcdfd4ddd0d0d9d2dbd992d1dd\">[email\u00a0protected]<\/span><\/a>, en pr\u00e9cisant votre nom, votre pr\u00e9nom et votre m\u00e9tier.<\/p>\n<\/div>\n<p>Auteur: challenge<br \/>\n<a href=\"https:\/\/www.challenge.ma\/rentree-scolaire-au-maroc-lenseignement-se-fera-a-distance-153285\/\">Cliquez ici pour lire l&rsquo;article depuis sa source.<\/a><\/p>\n","protected":false},"excerpt":{"rendered":"<p>L\u2019enseignement \u00e0 distance sera appliqu\u00e9 au d\u00e9but de l\u2019ann\u00e9e scolaire, pr\u00e9vue le 7 Septembre, pour tous les cycles et niveaux dans le public, le priv\u00e9 et les \u00e9coles des missions \u00e9trang\u00e8res. L\u2019enseignement pr\u00e9sentiel sera disponible pour les apprenants dont les tuteurs pr\u00e9f\u00e8rent cette m\u00e9thode. un m\u00e9canisme sera mis \u00e0 la disposition des familles qui souhaitent [&hellip;]<\/p>\n","protected":false},"author":1787,"featured_media":0,"comment_status":"closed","ping_status":"closed","sticky":false,"template":"","format":"standard","meta":{"fifu_image_url":"","fifu_image_alt":"","footnotes":""},"categories":[78,54],"tags":[],"class_list":["post-96514","post","type-post","status-publish","format-standard","hentry","category-economie","category-maroc"],"_links":{"self":[{"href":"https:\/\/linitiative.ca\/International\/wp-json\/wp\/v2\/posts\/96514","targetHints":{"allow":["GET"]}}],"collection":[{"href":"https:\/\/linitiative.ca\/International\/wp-json\/wp\/v2\/posts"}],"about":[{"href":"https:\/\/linitiative.ca\/International\/wp-json\/wp\/v2\/types\/post"}],"author":[{"embeddable":true,"href":"https:\/\/linitiative.ca\/International\/wp-json\/wp\/v2\/users\/1787"}],"replies":[{"embeddable":true,"href":"https:\/\/linitiative.ca\/International\/wp-json\/wp\/v2\/comments?post=96514"}],"version-history":[{"count":0,"href":"https:\/\/linitiative.ca\/International\/wp-json\/wp\/v2\/posts\/96514\/revisions"}],"wp:attachment":[{"href":"https:\/\/linitiative.ca\/International\/wp-json\/wp\/v2\/media?parent=96514"}],"wp:term":[{"taxonomy":"category","embeddable":true,"href":"https:\/\/linitiative.ca\/International\/wp-json\/wp\/v2\/categories?post=96514"},{"taxonomy":"post_tag","embeddable":true,"href":"https:\/\/linitiative.ca\/International\/wp-json\/wp\/v2\/tags?post=96514"}],"curies":[{"name":"wp","href":"https:\/\/api.w.org\/{rel}","templated":true}]}}