{"id":96541,"date":"2020-08-22T16:02:11","date_gmt":"2020-08-22T20:02:11","guid":{"rendered":"https:\/\/linitiative.ca\/International\/le-cameroun-et-le-congo-bientot-relies-par-fibre-optique\/"},"modified":"2020-08-22T16:02:11","modified_gmt":"2020-08-22T20:02:11","slug":"le-cameroun-et-le-congo-bientot-relies-par-fibre-optique","status":"publish","type":"post","link":"https:\/\/linitiative.ca\/International\/le-cameroun-et-le-congo-bientot-relies-par-fibre-optique\/","title":{"rendered":"Le Cameroun et le Congo bient\u00f4t reli\u00e9s par fibre optique"},"content":{"rendered":"<p>Les \u00e9tats du Cameroun et du Congo ont entam\u00e9 depuis le 8 ao\u00fbt 2020, les travaux d\u2019interconnexion par\u00a0fibre optique. La c\u00e9r\u00e9monie qui s\u2019est tenue dans la\u00a0\u00a0localit\u00e9 de Ntam au Congo, \u00e0 vue la pr\u00e9sence de L\u00e9on Juste Ibombo, le ministre congolais des Postes, des T\u00e9l\u00e9communications et de l\u2019Economie num\u00e9rique, et de Mohamadou Saoudi, le secr\u00e9taire g\u00e9n\u00e9ral du minist\u00e8re camerounais des Postes et T\u00e9l\u00e9communications. Les travaux dont il est question interviennent, apr\u00e8s la visite d\u2019\u00e9valuation effectu\u00e9e sur les sites techniques et le tron\u00e7on pilote de ce projet de t\u00e9l\u00e9coms par Michel Ngakala, le coordonnateur par int\u00e9rim du projet Central Africa Backbone (CAB). Cette derni\u00e8re qui a eu lieu du 27 juin au 1<sup>er<\/sup>\u00a0juillet 2020 avait \u00e9t\u00e9 jug\u00e9e positive.<\/p>\n<p><strong>Lire aussi<\/strong> : \u00a0<a href=\"https:\/\/ecomatin.net\/fibre-optique-orange-cameroun-denonce-le-monopole-de-camtel\/\">Fibre optique\u00a0: Orange Cameroun d\u00e9nonce le monopole de Camtel<\/a><\/p>\n<p>Le projet Central Africa Backbone, qui s\u2019\u00e9tend sur 347 km de fibre optique, prend alors sa source dans la localit\u00e9 congolaise d\u2019Ouesso. Il sera d\u00e9ploy\u00e9 jusqu\u2019\u00e0 la fronti\u00e8re avec le Cameroun, avec des points d\u2019intersection \u00e0 Paris, Biesse, Semb\u00e9, Souank\u00e9 jusqu\u2019\u00e0 Ntam.\u00a0Le financement de ce projet est effectu\u00e9 par la Banque africaine de d\u00e9veloppement (BAD) \u00e0 hauteur de\u00a066,5 millions d\u2019euros, soit 43,6 milliards de FCFA. Il a pour objectif de\u00a0combler un d\u00e9ficit, car selon les experts de la Commission \u00e9conomique des Nations unies pour l\u2019Afrique (CEA), le taux de p\u00e9n\u00e9tration internet est \u00e0 peine de 12% dans la sous-r\u00e9gion.\u00a0Le lin\u00e9aire de fibre optique Congo \u2013 Cameroun sera ex\u00e9cut\u00e9 par deux entreprises chinoises que sont la China Communications Services International (Ccsi), sp\u00e9cialis\u00e9e dans la fourniture de services de t\u00e9l\u00e9communications et de services int\u00e9gr\u00e9s de soutien aux t\u00e9l\u00e9communications, qui s\u2019occupe de la construction de l\u2019infrastructure t\u00e9l\u00e9coms \u00e0 haut d\u00e9bit et Huawei qui devra fournir les \u00e9quipements de transmission du signal optique et d\u2019\u00e9nergie.<\/p>\n<p><strong>Lire aussi<\/strong> : <a href=\"https:\/\/ecomatin.net\/backbone-cameroun-libom-li-likeng-veut-auditer-la-composante-du-cameroun\/\">Backbone Cameroun: Libom Li Likeng veut auditer la composante Cameroun<\/a><\/p>\n<p>Notons que ce n\u2019est pas le premier projet du genre dans la sous-r\u00e9gion. En 2019 d\u00e9j\u00e0 la Banque mondiale avait financ\u00e9 un projet d\u2019interconnexion entre le Cameroun, la Guin\u00e9e-Equatoriale et le Gabon. Il \u00e9tait question ici de tirer le c\u00e2ble sur 520 km, pour un co\u00fbt de projet de 28 millions de dollars pr\u00eat\u00e9s par la Banque mondiale. La m\u00eame institution bancaire avait d\u00e9j\u00e0 financ\u00e9 1 100 km de fibre optique tir\u00e9e de Libreville jusqu\u2019\u00e0 la fronti\u00e8re du Congo Brazzaville pour 60 millions de dollars.<\/p>\n<p><strong>Le CAB en question<\/strong><\/p>\n<p>Le projet Central Africa Backbone a \u00e9t\u00e9 con\u00e7u pour relier dans un premier temps les r\u00e9seaux des t\u00e9l\u00e9communications des pays de la\u00a0Cemac constitu\u00e9 du\u00a0Cameroun, du Tchad, de la Centrafrique, du Gabon, de la R\u00e9publique du Congo et de la Guin\u00e9e\u00a0\u00c9quatoriale. A ces pays s\u2019ajoutent\u00a0\u00a0S\u00e3o Tom\u00e9 &amp; Principe, la R\u00e9publique d\u00e9mocratique du Congo, l\u2019Angola et le Burundi, qui sont membres\u00a0de la Ceeac.\u00a0L\u2019id\u00e9e ici \u00e9tant que les diff\u00e9rents pays puissent acc\u00e9der au c\u00e2ble sous-marin de fibre optique SAT-3, et \u00e0 bien d\u2019autres comme le c\u00e2ble Africa Coast Europe (ACE), \u00e0 partir de points d\u2019atterrissement sur la c\u00f4te camerounaise et ailleurs.<\/p>\n<p>Il \u00a0vise alors \u00e0 mettre en \u0153uvre un r\u00e9seau des t\u00e9l\u00e9communications haut d\u00e9bit \u00e0 fibre optique en Afrique centrale. Lanc\u00e9 officiellement en 2010 \u00e0 Yaound\u00e9, le projet CAB b\u00e9n\u00e9ficie de l\u2019appui de partenaires tels que la Banque mondiale, la Banque africaine de d\u00e9veloppement, la Banque islamique de d\u00e9veloppement et l\u2019Union africaine, qui joue le r\u00f4le de facilitateur de la coop\u00e9ration entre Etats et d\u2019harmonisateur des politiques.<\/p>\n<p><strong>Lire aussi<\/strong> : <a href=\"https:\/\/ecomatin.net\/telecoms-deploiement-de-12-000-km-supplementaires-de-fibre-optique-au-cameroun\/\">T\u00e9l\u00e9coms : d\u00e9ploiement de 12\u00a0000 km suppl\u00e9mentaires de fibre optique au Cameroun<\/a><\/p>\n<p>Notons que la Banque mondiale, dans le cadre de l\u2019interconnexion par fibre optique des pays, a mis sur pied le Projet de dorsale de t\u00e9l\u00e9communications en Afrique centrale. Dont l\u2019objectif est de combler les liens manquants, soit de fournir les connexions de t\u00e9l\u00e9communication de base entre les pays participants et de veiller \u00e0 que ces derniers soient reli\u00e9s au reste du monde par leur r\u00e9seau de fibre optique de mani\u00e8re \u00e0 pouvoir fournir un acc\u00e8s Internet haut d\u00e9bit au plus grand nombre de personnes et ce, aux plus faibles co\u00fbts.<\/p>\n<div class=\"awac-wrapper awac widget posts-list-widget-11\">\n<h4 class=\"widget-title\">Le plus r\u00e9cent<\/h4>\n<\/div>\n<p>Auteur: Eco Matin<br \/>\n<a href=\"https:\/\/ecomatin.net\/le-cameroun-et-le-congo-bientot-relies-par-fibre-optique\/\">Cliquez ici pour lire l&rsquo;article depuis sa source.<\/a><\/p>\n","protected":false},"excerpt":{"rendered":"<p>Les \u00e9tats du Cameroun et du Congo ont entam\u00e9 depuis le 8 ao\u00fbt 2020, les travaux d\u2019interconnexion par\u00a0fibre optique. La c\u00e9r\u00e9monie qui s\u2019est tenue dans la\u00a0\u00a0localit\u00e9 de Ntam au Congo, \u00e0 vue la pr\u00e9sence de L\u00e9on Juste Ibombo, le ministre congolais des Postes, des T\u00e9l\u00e9communications et de l\u2019Economie num\u00e9rique, et de Mohamadou Saoudi, le secr\u00e9taire [&hellip;]<\/p>\n","protected":false},"author":1969,"featured_media":0,"comment_status":"closed","ping_status":"closed","sticky":false,"template":"","format":"standard","meta":{"fifu_image_url":"","fifu_image_alt":"","footnotes":""},"categories":[82,78],"tags":[],"class_list":["post-96541","post","type-post","status-publish","format-standard","hentry","category-cameroun","category-economie"],"_links":{"self":[{"href":"https:\/\/linitiative.ca\/International\/wp-json\/wp\/v2\/posts\/96541","targetHints":{"allow":["GET"]}}],"collection":[{"href":"https:\/\/linitiative.ca\/International\/wp-json\/wp\/v2\/posts"}],"about":[{"href":"https:\/\/linitiative.ca\/International\/wp-json\/wp\/v2\/types\/post"}],"author":[{"embeddable":true,"href":"https:\/\/linitiative.ca\/International\/wp-json\/wp\/v2\/users\/1969"}],"replies":[{"embeddable":true,"href":"https:\/\/linitiative.ca\/International\/wp-json\/wp\/v2\/comments?post=96541"}],"version-history":[{"count":0,"href":"https:\/\/linitiative.ca\/International\/wp-json\/wp\/v2\/posts\/96541\/revisions"}],"wp:attachment":[{"href":"https:\/\/linitiative.ca\/International\/wp-json\/wp\/v2\/media?parent=96541"}],"wp:term":[{"taxonomy":"category","embeddable":true,"href":"https:\/\/linitiative.ca\/International\/wp-json\/wp\/v2\/categories?post=96541"},{"taxonomy":"post_tag","embeddable":true,"href":"https:\/\/linitiative.ca\/International\/wp-json\/wp\/v2\/tags?post=96541"}],"curies":[{"name":"wp","href":"https:\/\/api.w.org\/{rel}","templated":true}]}}