{"id":96550,"date":"2020-08-23T10:56:33","date_gmt":"2020-08-23T14:56:33","guid":{"rendered":"https:\/\/linitiative.ca\/International\/alerte-meteo-la-canicule-de-retour-de-lundi-a-jeudi\/"},"modified":"2020-08-23T10:56:33","modified_gmt":"2020-08-23T14:56:33","slug":"alerte-meteo-la-canicule-de-retour-de-lundi-a-jeudi","status":"publish","type":"post","link":"https:\/\/linitiative.ca\/International\/alerte-meteo-la-canicule-de-retour-de-lundi-a-jeudi\/","title":{"rendered":"Alerte m\u00e9t\u00e9o: La canicule de retour de lundi \u00e0 jeudi"},"content":{"rendered":"<p><img decoding=\"async\" class=\"post_layout_5_img\" src=\"http:\/\/aujourdhui.ma\/wp-content\/uploads\/2020\/08\/canicule.jpg\" alt=\"Alerte m&#xE9;t&#xE9;o: La canicule de retour de lundi &#xE0; jeudi\"\/><\/p>\n<p><span class=\"c5\"><strong>Un temps chaud est pr\u00e9vu de lundi \u00e0 jeudi dans plusieurs provinces du Royaume, a annonc\u00e9 dimanche la Direction g\u00e9n\u00e9rale de la m\u00e9t\u00e9orologie.<\/strong><\/span><span id=\"more-353737\"\/><\/p>\n<p>Ainsi, des temp\u00e9ratures oscillant entre 45\u00b0C et 48\u00b0C sont attendues de lundi \u00e0 jeudi \u00e0 Taroudant, Tan-Tan, Essmara, Assa-Zag, Tarfaya et La\u00e2youne, a indiqu\u00e9 la Direction dans un bulletin m\u00e9t\u00e9orologique sp\u00e9cial de niveau orange.<\/p>\n<p>Durant la m\u00eame validit\u00e9, Agadir-Idda-Outanane, Inezgane-Ait Melloul, Chtouka-Ait Baha, Tiznit, Sidi Ifni, Guelmim, Errachidia, Zagora, Tata, Boujdour, Oued-Eddahab, Aousserd, Fqih Ben Saleh, Khouribga, B\u00e9ni Mellal, Kh\u00e9nifra, Kelaa des Sraghna, Rhamna, Marrakech, Chichaoua, Settat, Youssoufia, Kh\u00e9misset, Taounat, F\u00e8s, Mekn\u00e8s et Moulay Yaacoub conna\u00eetront des temp\u00e9ratures allant de 40\u00b0C \u00e0 45\u00b0C, pr\u00e9cise le bulletin.<\/p>\n<p>Des temp\u00e9ratures variant de 40\u00b0C \u00e0 44\u00b0C sont pr\u00e9vues le mercredi et le jeudi \u00e0 Taza, Sidi Kacem, Sidi Slimane, Ouezzane, Benslimane, Berrechid, Sidi Bennour, El Jadida (int\u00e9rieur) et Safi (int\u00e9rieur), selon la m\u00eame source.<\/p>\n<p>Par ailleurs, des averses orageuses localement mod\u00e9r\u00e9es \u00e9taient pr\u00e9vues dimanche entre 14h et 22h sur les provinces de Midelt, Azilal, B\u00e9ni Mellal, Boulemane, Kh\u00e9nifra et Tinghir, a fait savoir la direction, ajoutant que ce ph\u00e9nom\u00e8ne sera accompagn\u00e9 par endroits par des rafales sous orage et de la gr\u00eale.<\/p>\n<p>Auteur: ALM<br \/>\n<a href=\"https:\/\/aujourdhui.ma\/actualite\/alerte-meteo-la-canicule-de-retour-de-lundi-a-jeudi\">Cliquez ici pour lire l&rsquo;article depuis sa source.<\/a><\/p>\n","protected":false},"excerpt":{"rendered":"<p>Un temps chaud est pr\u00e9vu de lundi \u00e0 jeudi dans plusieurs provinces du Royaume, a annonc\u00e9 dimanche la Direction g\u00e9n\u00e9rale de la m\u00e9t\u00e9orologie. Ainsi, des temp\u00e9ratures oscillant entre 45\u00b0C et 48\u00b0C sont attendues de lundi \u00e0 jeudi \u00e0 Taroudant, Tan-Tan, Essmara, Assa-Zag, Tarfaya et La\u00e2youne, a indiqu\u00e9 la Direction dans un bulletin m\u00e9t\u00e9orologique sp\u00e9cial de [&hellip;]<\/p>\n","protected":false},"author":1759,"featured_media":96551,"comment_status":"closed","ping_status":"closed","sticky":false,"template":"","format":"standard","meta":{"fifu_image_url":"","fifu_image_alt":"","footnotes":""},"categories":[73,54],"tags":[],"class_list":["post-96550","post","type-post","status-publish","format-standard","has-post-thumbnail","hentry","category-actualite","category-maroc"],"_links":{"self":[{"href":"https:\/\/linitiative.ca\/International\/wp-json\/wp\/v2\/posts\/96550","targetHints":{"allow":["GET"]}}],"collection":[{"href":"https:\/\/linitiative.ca\/International\/wp-json\/wp\/v2\/posts"}],"about":[{"href":"https:\/\/linitiative.ca\/International\/wp-json\/wp\/v2\/types\/post"}],"author":[{"embeddable":true,"href":"https:\/\/linitiative.ca\/International\/wp-json\/wp\/v2\/users\/1759"}],"replies":[{"embeddable":true,"href":"https:\/\/linitiative.ca\/International\/wp-json\/wp\/v2\/comments?post=96550"}],"version-history":[{"count":0,"href":"https:\/\/linitiative.ca\/International\/wp-json\/wp\/v2\/posts\/96550\/revisions"}],"wp:featuredmedia":[{"embeddable":true,"href":"https:\/\/linitiative.ca\/International\/wp-json\/"}],"wp:attachment":[{"href":"https:\/\/linitiative.ca\/International\/wp-json\/wp\/v2\/media?parent=96550"}],"wp:term":[{"taxonomy":"category","embeddable":true,"href":"https:\/\/linitiative.ca\/International\/wp-json\/wp\/v2\/categories?post=96550"},{"taxonomy":"post_tag","embeddable":true,"href":"https:\/\/linitiative.ca\/International\/wp-json\/wp\/v2\/tags?post=96550"}],"curies":[{"name":"wp","href":"https:\/\/api.w.org\/{rel}","templated":true}]}}