{"id":96557,"date":"2020-08-23T11:07:55","date_gmt":"2020-08-23T15:07:55","guid":{"rendered":"https:\/\/linitiative.ca\/International\/italie-linter-milan-deja-au-bout-du-conte\/"},"modified":"2020-08-23T11:07:55","modified_gmt":"2020-08-23T15:07:55","slug":"italie-linter-milan-deja-au-bout-du-conte","status":"publish","type":"post","link":"https:\/\/linitiative.ca\/International\/italie-linter-milan-deja-au-bout-du-conte\/","title":{"rendered":"Italie: l\u2019Inter Milan d\u00e9j\u00e0 au bout du Conte?"},"content":{"rendered":"<p class=\"has-text-color c2\"><strong>L\u2019Inter Milan r\u00eavait d\u2019une coupe europ\u00e9enne et se retrouve avec un point d\u2019interrogation majuscule: son entra\u00eeneur star Antonio Conte a laiss\u00e9 plan\u00e9 un gros doute sur son avenir, apr\u00e8s la d\u00e9faite en finale de la Ligue Europa.<\/strong><\/p>\n<p>\u00abConte, tu pars?\u00bb, s\u2019interrogeait samedi en une la Gazzetta dello Sport, alors que le Corriere dello Sport pressent d\u00e9j\u00e0 des \u00abadieux\u00bb pour l\u2019entra\u00eeneur recrut\u00e9 l\u2019an dernier pour ramener les Nerazzurri au sommet.<\/p>\n<p>En \u00e9voquant \u00abl\u2019avenir de l\u2019Inter avec ou sans\u00bb lui, Antonio Conte, 51 ans, a sembl\u00e9 faire un pas vers la sortie, au terme d\u2019une saison r\u00e9ussie sur le terrain (2e du championnat \u00e0 1 point de l\u2019ind\u00e9tr\u00f4nable Juventus) mais accompagn\u00e9e de tensions r\u00e9currentes avec ses dirigeants.<\/p>\n<p>\u00abCela a \u00e9t\u00e9 une saison tr\u00e8s difficile, de tous les points de vue, on prendra la meilleure d\u00e9cision pour le bien de l\u2019Inter\u00bb, a dit sur Sky Sport l\u2019ex-entra\u00eeneur de la Juventus (3 titres de champion entre 2012 et 2014) et Chelsea (champion en 2017). Tout en avan\u00e7ant l\u2019importance de sa \u00abfamille\u00bb par rapport \u00e0 sa prochaine d\u00e9cision.<\/p>\n<p>L\u2019amertume de Conte va largement au-del\u00e0 de la seule d\u00e9ception d\u2019une finale perdue (2-3) face \u00e0 S\u00e9ville.<\/p>\n<p>D\u00e9but ao\u00fbt, d\u00e9j\u00e0, apr\u00e8s le dernier match de championnat \u00e0 Bergame, l\u2019entra\u00eeneur sanguin avait frontalement attaqu\u00e9 ses dirigeants: il les avait accus\u00e9s de n\u2019avoir \u00abjamais prot\u00e9g\u00e9\u00bb ni lui ni les joueurs, quand ils \u00e9taient critiqu\u00e9s et recevaient \u00abdes paquets de merde\u00bb. Tout en promettant, agac\u00e9, des \u00abdiscussions avec le pr\u00e9sident, mais il est en Chine\u00bb.<\/p>\n<p>Pendant la saison, il avait d\u00e9j\u00e0 critiqu\u00e9 ouvertement certains choix de ses dirigeants sur le recrutement, notamment d\u00e9but novembre apr\u00e8s une autre d\u00e9faite 3-2, \u00e0 Dortmund, qui a plomb\u00e9 son parcours en Ligue des champions.<\/p>\n<p>Le bel \u00e9t\u00e9 en C3 et le retour en Europe du jeune pr\u00e9sident chinois Steven Zhang (28 ans) pour assister aux deux derniers matches europ\u00e9ens en Allemagne semblaient avoir apais\u00e9 un peu les choses.<\/p>\n<p>L\u2019administrateur d\u00e9l\u00e9gu\u00e9 Giuseppe Marotta, avec qui les relations ne sont pas au beau fixe selon la presse, avait aussi d\u00e9min\u00e9 le terrain en assurant lundi que \u00abtout \u00e9tait oubli\u00e9\u00bb des d\u00e9clarations br\u00fblantes de l\u2019entra\u00eeneur.<\/p>\n<p>Visiblement pas du c\u00f4t\u00e9 de Conte: \u00abJe ne fais pas de marche arri\u00e8re. Si on peut am\u00e9liorer les choses, on le fera, sinon on verra. Je ne veux pas d\u2019une autre ann\u00e9e comme \u00e7a\u00bb, a d\u00e9clar\u00e9 l\u2019entra\u00eeneur sur Sky Sport, tout en remerciant ses dirigeants et en rejetant toute \u00abranc\u0153ur\u00bb.<\/p>\n<p>On semble donc loin du \u00abbilan tr\u00e8s positif\u00bb \u00e9voqu\u00e9 vendredi soir par le pr\u00e9sident Steven Zhang qui, sans s\u2019exprimer sur l\u2019avenir de Conte, a salu\u00e9 son \u00abbeau travail\u00bb.<\/p>\n<p>La mise au point ne tardera pas, l\u2019Inter ne pouvant se permettre de rester trop longtemps dans le flou alors que la prochaine saison de Serie A s\u2019avance d\u00e9j\u00e0 (19 septembre). L\u2019entra\u00eeneur \u00e0 \u00e9voqu\u00e9 \u00ab2, 3 jours de vacances\u00bb avant de rencontrer ses dirigeants et de trancher, \u00ab\u00e0 t\u00eate repos\u00e9e\u00bb.<\/p>\n<p>S\u2019il devait finalement rester, cela s\u2019accompagnerait probablement de changements dans l\u2019organisation du club lombard.<\/p>\n<p>En cas de d\u00e9part, l\u2019un des points \u00e0 clarifier portera sur les conditions de la s\u00e9paration, sachant que l\u2019ex-s\u00e9lectionneur italien, sous contrat jusqu\u2019en 2022, per\u00e7oit un salaire hors norme en Italie, estim\u00e9 \u00e0 plus de 10 millions par saison.<\/p>\n<p>Pour le remplacer, l\u2019Inter a semble-t-il une option d\u00e9j\u00e0 bien avanc\u00e9e: la presse italienne \u00e9voque depuis quelques semaines le nom de Massimiliano Allegri, qui, d\u00e9j\u00e0, lui avait succ\u00e9d\u00e9 sur le banc de la Juventus en 2014, ajoutant cinq titres cons\u00e9cutifs aux trois remport\u00e9s par Conte.<\/p>\n<p>Sans club depuis son d\u00e9part de Turin en 2019, \u00abMax\u00bb Allegri aurait pour mission de r\u00e9ussir l\u00e0 o\u00f9 Conte a \u00e9chou\u00e9: d\u00e9tr\u00f4ner enfin la Juve, dont la nouvelle saison, avec un entra\u00eeneur novice (Andrea Pirlo) sur le banc, s\u2019annonce elle aussi surmont\u00e9e d\u2019un dr\u00f4le de point d\u2019interrogation.<\/p>\n<p>Auteur: M&rsquo;hammed rahal<br \/>\n<a href=\"http:\/\/albayane.press.ma\/italie-linter-milan-deja-au-bout-du-conte.html\">Cliquez ici pour lire l&rsquo;article depuis sa source.<\/a><\/p>\n","protected":false},"excerpt":{"rendered":"<p>L\u2019Inter Milan r\u00eavait d\u2019une coupe europ\u00e9enne et se retrouve avec un point d\u2019interrogation majuscule: son entra\u00eeneur star Antonio Conte a laiss\u00e9 plan\u00e9 un gros doute sur son avenir, apr\u00e8s la d\u00e9faite en finale de la Ligue Europa. \u00abConte, tu pars?\u00bb, s\u2019interrogeait samedi en une la Gazzetta dello Sport, alors que le Corriere dello Sport pressent [&hellip;]<\/p>\n","protected":false},"author":1760,"featured_media":0,"comment_status":"closed","ping_status":"closed","sticky":false,"template":"","format":"standard","meta":{"fifu_image_url":"","fifu_image_alt":"","footnotes":""},"categories":[73,54],"tags":[],"class_list":["post-96557","post","type-post","status-publish","format-standard","hentry","category-actualite","category-maroc"],"_links":{"self":[{"href":"https:\/\/linitiative.ca\/International\/wp-json\/wp\/v2\/posts\/96557","targetHints":{"allow":["GET"]}}],"collection":[{"href":"https:\/\/linitiative.ca\/International\/wp-json\/wp\/v2\/posts"}],"about":[{"href":"https:\/\/linitiative.ca\/International\/wp-json\/wp\/v2\/types\/post"}],"author":[{"embeddable":true,"href":"https:\/\/linitiative.ca\/International\/wp-json\/wp\/v2\/users\/1760"}],"replies":[{"embeddable":true,"href":"https:\/\/linitiative.ca\/International\/wp-json\/wp\/v2\/comments?post=96557"}],"version-history":[{"count":0,"href":"https:\/\/linitiative.ca\/International\/wp-json\/wp\/v2\/posts\/96557\/revisions"}],"wp:attachment":[{"href":"https:\/\/linitiative.ca\/International\/wp-json\/wp\/v2\/media?parent=96557"}],"wp:term":[{"taxonomy":"category","embeddable":true,"href":"https:\/\/linitiative.ca\/International\/wp-json\/wp\/v2\/categories?post=96557"},{"taxonomy":"post_tag","embeddable":true,"href":"https:\/\/linitiative.ca\/International\/wp-json\/wp\/v2\/tags?post=96557"}],"curies":[{"name":"wp","href":"https:\/\/api.w.org\/{rel}","templated":true}]}}