{"id":96565,"date":"2020-08-22T18:29:11","date_gmt":"2020-08-22T22:29:11","guid":{"rendered":"https:\/\/linitiative.ca\/International\/le-wali-sinforme-de-letat-davancement-des-travaux-dun-chapiteau\/"},"modified":"2020-08-22T18:29:11","modified_gmt":"2020-08-22T22:29:11","slug":"le-wali-sinforme-de-letat-davancement-des-travaux-dun-chapiteau","status":"publish","type":"post","link":"https:\/\/linitiative.ca\/International\/le-wali-sinforme-de-letat-davancement-des-travaux-dun-chapiteau\/","title":{"rendered":"Le Wali s\u2019informe de l\u2019\u00e9tat d\u2019avancement des travaux d\u2019un chapiteau"},"content":{"rendered":"<div readability=\"41\">\n<p>Marrakech \u2013 Le Wali de la r\u00e9gion Marrakech-Safi, gouverneur de la pr\u00e9fecture de Marrakech, Karim Kassi-Lahlou, s\u2019est inform\u00e9 samedi, \u00e0 l\u2019h\u00f4pital Ibn Tofail de la Cit\u00e9 ocre, de l\u2019\u00e9tat d\u2019avancement des travaux d\u2019am\u00e9nagement d\u2019un chapiteau, o\u00f9 seront prises en charge les personnes contamin\u00e9es au Covid-19.<\/p>\n<\/div>\n<div readability=\"82\">\n<p>L\u2019am\u00e9nagement de ce chapiteau au sein de l\u2019h\u00f4pital Ibn Tofail s\u2019inscrit dans le cadre de la mise en \u0153uvre des mesures prises par le minist\u00e8re de la sant\u00e9 pour promouvoir et \u00e9tendre le syst\u00e8me de prise en charge des malades Covid-19, notamment les soins intensifs.<\/p>\n<p>M.Kassi-Lahlou, qui \u00e9tait accompagn\u00e9 du secr\u00e9taire g\u00e9n\u00e9ral de la Wilaya de Marrakech-Safi et du directeur du CHU Mohammed VI, s\u2019est enquis de l\u2019\u00e9tat d\u2019avancement des travaux de ce chapiteau, qui sera am\u00e9nag\u00e9 en tant qu\u2019h\u00f4pital de campagne o\u00f9 seront pris les cas Covid-19, dans le but d\u2019all\u00e9ger la pression sur les autres structures hospitali\u00e8res de la ville.<\/p>\n<p>La capacit\u00e9 suppl\u00e9mentaire de ce chapiteau s\u2019\u00e9l\u00e8ve \u00e0 100 lits \u00e9quip\u00e9s d\u2019oxyg\u00e8ne et consacr\u00e9s \u00e0 la pr\u00e9-r\u00e9animation.<\/p>\n<p>Le ministre de la Sant\u00e9, Khalid Ait Taleb, avait pr\u00e9sent\u00e9 mercredi dernier, \u00e0 la Cit\u00e9 ocre, les principales mesures qui seront prises pour faire face aux derni\u00e8res \u00e9volutions de la situation \u00e9pid\u00e9miologique au niveau de la pr\u00e9fecture de Marrakech.<\/p>\n<p>Ainsi, avait-il indiqu\u00e9, il a \u00e9t\u00e9 d\u00e9cid\u00e9 de rationaliser les structures hospitali\u00e8res de Marrakech et de restructurer et organiser le processus de prise en charge des personnes infect\u00e9es par le Covid-19.<\/p>\n<p>L\u2019h\u00f4pital Ibn Zohr (Mamounia), qui b\u00e9n\u00e9ficiera de travaux d\u2019extension et sera enti\u00e8rement \u00e9quip\u00e9 de canalisation d\u2019oxyg\u00e8ne, sera d\u00e9di\u00e9 uniquement aux cas suspects et au d\u00e9pistage de Covid-19 alors que l\u2019h\u00f4pital Al Antaki sera mis \u00e0 niveau pour la prise en charge des cas admis en soins intensifs (premier degr\u00e9).<\/p>\n<p>Il sera proc\u00e9d\u00e9 aussi \u00e0 l\u2019extension de l\u2019h\u00f4pital Ibn Tofail alors qu\u2019un chapiteau y sera am\u00e9nag\u00e9 en tant qu\u2019h\u00f4pital de campagne o\u00f9 seront pris en charge les cas Covid-19.<\/p>\n<p>Un b\u00e2timent relevant de cet h\u00f4pital sera aussi mis \u00e0 niveau et d\u00e9di\u00e9 \u00e0 la prise en charge des cas de Covid-19.<\/p>\n<p>L\u2019h\u00f4pital Arrazi relevant du CHU Mohammed VI restera de son c\u00f4t\u00e9, d\u00e9di\u00e9 aux cas critiques.<\/p>\n<p>Il sera aussi proc\u00e9d\u00e9 \u00e0 l\u2019extension de l\u2019h\u00f4pital de campagne de Benguerir dont la capacit\u00e9 liti\u00e8re passera de 360 lits actuellement \u00e0 650 lits, ce qui permettra d\u2019all\u00e9ger la pression sur les h\u00f4pitaux de Marrakech.<\/p>\n<\/div>\n<p>Auteur: Meriem IGASS<br \/>\n<a href=\"http:\/\/www.mapmarrakech.ma\/fr\/covid-19-le-wali-sinforme-de-letat-davancement-des-travaux-dun-chapiteau\/\">Cliquez ici pour lire l&rsquo;article depuis sa source.<\/a><\/p>\n","protected":false},"excerpt":{"rendered":"<p>Marrakech \u2013 Le Wali de la r\u00e9gion Marrakech-Safi, gouverneur de la pr\u00e9fecture de Marrakech, Karim Kassi-Lahlou, s\u2019est inform\u00e9 samedi, \u00e0 l\u2019h\u00f4pital Ibn Tofail de la Cit\u00e9 ocre, de l\u2019\u00e9tat d\u2019avancement des travaux d\u2019am\u00e9nagement d\u2019un chapiteau, o\u00f9 seront prises en charge les personnes contamin\u00e9es au Covid-19. L\u2019am\u00e9nagement de ce chapiteau au sein de l\u2019h\u00f4pital Ibn Tofail [&hellip;]<\/p>\n","protected":false},"author":1788,"featured_media":0,"comment_status":"closed","ping_status":"closed","sticky":false,"template":"","format":"standard","meta":{"fifu_image_url":"","fifu_image_alt":"","footnotes":""},"categories":[54,76],"tags":[],"class_list":["post-96565","post","type-post","status-publish","format-standard","hentry","category-maroc","category-regions"],"_links":{"self":[{"href":"https:\/\/linitiative.ca\/International\/wp-json\/wp\/v2\/posts\/96565","targetHints":{"allow":["GET"]}}],"collection":[{"href":"https:\/\/linitiative.ca\/International\/wp-json\/wp\/v2\/posts"}],"about":[{"href":"https:\/\/linitiative.ca\/International\/wp-json\/wp\/v2\/types\/post"}],"author":[{"embeddable":true,"href":"https:\/\/linitiative.ca\/International\/wp-json\/wp\/v2\/users\/1788"}],"replies":[{"embeddable":true,"href":"https:\/\/linitiative.ca\/International\/wp-json\/wp\/v2\/comments?post=96565"}],"version-history":[{"count":0,"href":"https:\/\/linitiative.ca\/International\/wp-json\/wp\/v2\/posts\/96565\/revisions"}],"wp:attachment":[{"href":"https:\/\/linitiative.ca\/International\/wp-json\/wp\/v2\/media?parent=96565"}],"wp:term":[{"taxonomy":"category","embeddable":true,"href":"https:\/\/linitiative.ca\/International\/wp-json\/wp\/v2\/categories?post=96565"},{"taxonomy":"post_tag","embeddable":true,"href":"https:\/\/linitiative.ca\/International\/wp-json\/wp\/v2\/tags?post=96565"}],"curies":[{"name":"wp","href":"https:\/\/api.w.org\/{rel}","templated":true}]}}