{"id":96604,"date":"2020-08-23T17:06:58","date_gmt":"2020-08-23T21:06:58","guid":{"rendered":"https:\/\/linitiative.ca\/International\/rentree-scolaire-au-maroc-voici-les-scenarios-choisis-par-le-ministere-de-leducation-nationale\/"},"modified":"2020-08-23T17:06:58","modified_gmt":"2020-08-23T21:06:58","slug":"rentree-scolaire-au-maroc-voici-les-scenarios-choisis-par-le-ministere-de-leducation-nationale","status":"publish","type":"post","link":"https:\/\/linitiative.ca\/International\/rentree-scolaire-au-maroc-voici-les-scenarios-choisis-par-le-ministere-de-leducation-nationale\/","title":{"rendered":"Rentr\u00e9e scolaire au Maroc : voici les sc\u00e9narios choisis par le minist\u00e8re de l\u2019Education Nationale"},"content":{"rendered":"<p><strong>En pr\u00e9vision de l\u2019ann\u00e9e scolaire 2020 -2021, le minist\u00e8re de l\u2019Education a pr\u00e9par\u00e9 trois sc\u00e9narios selon l\u2019\u00e9volution de la situation \u00e9pid\u00e9miologique.<\/strong><\/p>\n<div class=\"c10\"\/>\n<p>Le premier mod\u00e8le pr\u00e9voit l\u2019adoption de l\u2019enseignement pr\u00e9sentiel \u00e0 100 % en cas d\u2019am\u00e9lioration de la situation. Le second mod\u00e8le concerne l\u2019alternance entre l\u2019enseignement pr\u00e9sentiel et l\u2019auto enseignement en cas d\u2019am\u00e9lioration de la situation avec la n\u00e9cessit\u00e9 du respect des mesures pr\u00e9ventives. Le troisi\u00e8me mod\u00e8le porte sur le recours uniquement \u00e0 l\u2019enseignement \u00e0 distance en cas d\u2019une situation \u00e9pid\u00e9miologique aggrav\u00e9e.<\/p>\n<p><strong>Lire aussi | <a href=\"https:\/\/www.challenge.ma\/rentree-scolaire-au-maroc-lenseignement-se-fera-a-distance-153285\/\">Rentr\u00e9e scolaire au Maroc: l\u2019enseignement se fera \u00e0 distance<\/a><\/strong><\/p>\n<p>En coordination avec avec les d\u00e9partements de l\u2019int\u00e9rieur et de la sant\u00e9 , le minist\u00e8re de l\u2019Education a d\u00e9cid\u00e9 de combiner le deuxi\u00e8me et le troisi\u00e8me mod\u00e8le en impliquant les familles dans la prise de d\u00e9cision. Les familles qui choisissent d\u2019opter pour l\u2019enseignement \u00e0 distance seront appel\u00e9es \u00e0 remplir un formulaire vis le syst\u00e8me <a href=\"https:\/\/massar.men.gov.ma\/Account\">MASSAR<\/a> ou aupr\u00e8s des \u00e9tablissements scolaires.<\/p>\n<p><strong>Lire aussi | <a href=\"https:\/\/www.challenge.ma\/ces-autres-destinations-qui-attirent-les-marocains-153028\/\">Ces autres destinations qui attirent les \u00e9tudiants marocains<\/a><\/strong><\/p>\n<p>Par ailleurs, le report de l\u2019examen r\u00e9gional de 1\u00e8re ann\u00e9e du baccalaur\u00e9at intervient dans le contexte d\u2019une situation \u00e9pid\u00e9miologique inqui\u00e9tante ou les conseils de classe ont pris la d\u00e9cision de r\u00e9ussite des \u00e9l\u00e8ves sur la base des notes du contr\u00f4le continu en pr\u00e9sentiel.<\/p>\n<p>[ Avec MAP ]<\/p>\n<div class=\"vw-sticky-sidebar-wrapper vw-sticky-sidebar widget_text awac-wrapper widget_text awac widget custom_html-4 textwidget custom-html-widget\">\n<p class=\"has-background c12\"><span class=\"widget-title c11\">Tribune et D\u00e9bats<\/span><\/p>\n<p>La tribune qui vous parle d\u2019une actu, d\u2019un sujet qui fait d\u00e9bat, les traitent et les analysent. \u00c9conomistes et autres experts, patrons d\u2019entreprises, d\u00e9cideurs, acteurs de la soci\u00e9t\u00e9 civile, s\u2019y prononcent et contribuent \u00e0 sa grande richesse. Vous avez votre opinion, convergente ou diff\u00e9rente. Exprimez-la et mesurez-vous ainsi \u00e0 nos tribuns et d\u00e9batteurs.<\/p>\n<p>Envoyez vos analyses \u00e0 : <a href=\"\/cdn-cgi\/l\/email-protection#b1d2dedfc5d0d2c5f1d2d9d0ddddd4dfd6d49fdcd0\"><span class=\"__cf_email__\" data-cfemail=\"f5969a9b81949681b5969d949999909b9290db9894\">[email\u00a0protected]<\/span><\/a>, en pr\u00e9cisant votre nom, votre pr\u00e9nom et votre m\u00e9tier.<\/p>\n<\/div>\n<p>Auteur: challenge<br \/>\n<a href=\"https:\/\/www.challenge.ma\/rentree-scolaire-au-maroc-les-scenarios-choisis-par-le-ministere-de-leducation-153330\/\">Cliquez ici pour lire l&rsquo;article depuis sa source.<\/a><\/p>\n","protected":false},"excerpt":{"rendered":"<p>En pr\u00e9vision de l\u2019ann\u00e9e scolaire 2020 -2021, le minist\u00e8re de l\u2019Education a pr\u00e9par\u00e9 trois sc\u00e9narios selon l\u2019\u00e9volution de la situation \u00e9pid\u00e9miologique. Le premier mod\u00e8le pr\u00e9voit l\u2019adoption de l\u2019enseignement pr\u00e9sentiel \u00e0 100 % en cas d\u2019am\u00e9lioration de la situation. Le second mod\u00e8le concerne l\u2019alternance entre l\u2019enseignement pr\u00e9sentiel et l\u2019auto enseignement en cas d\u2019am\u00e9lioration de la situation [&hellip;]<\/p>\n","protected":false},"author":1787,"featured_media":0,"comment_status":"closed","ping_status":"closed","sticky":false,"template":"","format":"standard","meta":{"fifu_image_url":"","fifu_image_alt":"","footnotes":""},"categories":[78,54],"tags":[],"class_list":["post-96604","post","type-post","status-publish","format-standard","hentry","category-economie","category-maroc"],"_links":{"self":[{"href":"https:\/\/linitiative.ca\/International\/wp-json\/wp\/v2\/posts\/96604","targetHints":{"allow":["GET"]}}],"collection":[{"href":"https:\/\/linitiative.ca\/International\/wp-json\/wp\/v2\/posts"}],"about":[{"href":"https:\/\/linitiative.ca\/International\/wp-json\/wp\/v2\/types\/post"}],"author":[{"embeddable":true,"href":"https:\/\/linitiative.ca\/International\/wp-json\/wp\/v2\/users\/1787"}],"replies":[{"embeddable":true,"href":"https:\/\/linitiative.ca\/International\/wp-json\/wp\/v2\/comments?post=96604"}],"version-history":[{"count":0,"href":"https:\/\/linitiative.ca\/International\/wp-json\/wp\/v2\/posts\/96604\/revisions"}],"wp:attachment":[{"href":"https:\/\/linitiative.ca\/International\/wp-json\/wp\/v2\/media?parent=96604"}],"wp:term":[{"taxonomy":"category","embeddable":true,"href":"https:\/\/linitiative.ca\/International\/wp-json\/wp\/v2\/categories?post=96604"},{"taxonomy":"post_tag","embeddable":true,"href":"https:\/\/linitiative.ca\/International\/wp-json\/wp\/v2\/tags?post=96604"}],"curies":[{"name":"wp","href":"https:\/\/api.w.org\/{rel}","templated":true}]}}