{"id":96629,"date":"2020-08-23T13:18:03","date_gmt":"2020-08-23T17:18:03","guid":{"rendered":"https:\/\/linitiative.ca\/International\/le-mali-suspend-lexportation-du-betail-vers-les-pays-de-la-cedeao\/"},"modified":"2020-08-23T13:18:03","modified_gmt":"2020-08-23T17:18:03","slug":"le-mali-suspend-lexportation-du-betail-vers-les-pays-de-la-cedeao","status":"publish","type":"post","link":"https:\/\/linitiative.ca\/International\/le-mali-suspend-lexportation-du-betail-vers-les-pays-de-la-cedeao\/","title":{"rendered":"Le Mali suspend l\u2019exportation du b\u00e9tail vers les pays de la CEDEAO"},"content":{"rendered":"<div readability=\"32\">\n<p>Publi\u00e9 le 23.08.2020 \u00e0 18h18 par APA News<\/p>\n<\/div>\n<div readability=\"92\">\n<p>Le pr\u00e9sident de la fili\u00e8re b\u00e9tail viande du Mali, l\u2019honorable Aboubacar Ba, a annonc\u00e9 dans une d\u00e9cision parvenue dimanche \u00e0 APA, la suspension de l\u2019exportation du b\u00e9tail malien vers les pays de la Communaut\u00e9 \u00e9conomique des \u00c9tats de l\u2019Afrique de l\u2019ouest ( CEDEAO) en r\u00e9action \u00e0 l\u2019embargo de cette institution sur le Mali.\u00ab A tous les pr\u00e9sidents des unions r\u00e9gionales de la fili\u00e8re b\u00e9tail viande du Mali, le pr\u00e9sident de la fili\u00e8re b\u00e9tail viande, l\u2019honorable Aboubacar Ba \u00a0vous engage \u00e0 prendre toutes les dispositions pour emp\u00eacher tout chargement, tout convoyage du b\u00e9tail en direction des pays de la CEDEAO\u00bb, ordonne la d\u00e9cision.\u00a0<\/p>\n<p>Poursuivant, M. Ba a indiqu\u00e9 que les responsables des march\u00e9s \u00e0 b\u00e9tail de Fassou, Kayes, Kati, Fana, Nara, Niamana, Bougouni, Niena, Koury, Zegoua, Koutiala, Boussin, Yolo, Fatin\u00e8, Niono, S\u00e9gou, \u00a0Konombougou, Kona, Fatoma, Djenn\u00e9 et Sofara prendront toutes les dispositions pour emp\u00eacher tous les commer\u00e7ants de b\u00e9tails ressortissants des pays membres de la CEDEAO de venir s\u2019approvisionner sur leur march\u00e9.\u00a0<\/p>\n<p>\u00ab Il est aussi demand\u00e9 aux services techniques des minist\u00e8res de l\u2019\u00e9levage et du commerce de ne d\u00e9livrer aucun certificat d\u2019exportation de b\u00e9tail jusqu\u2019\u00e0 la lev\u00e9e de l\u2019embargo sur notre pays \u00bb, a conclu la d\u00e9cision.\u00a0<\/p>\n<p>Jeudi dernier, les \u00a0chefs d\u2019\u00c9tat et de gouvernement de la CEDEAO r\u00e9unis en sommet extraordinaire par visioconf\u00e9rence, ont demand\u00e9 le r\u00e9tablissement du pr\u00e9sident Ibrahim Boubacar K\u00e9\u00efta (IBK), renvers\u00e9 par des militaires putschistes.\u00a0<\/p>\n<p>\u00ab Nous d\u00e9cidons de la fermeture de toutes les fronti\u00e8res terrestres, a\u00e9riennes ainsi que l\u2019arr\u00eat des flux et transactions \u00e9conomiques, commerciales, financi\u00e8res entre les pays membres de la CEDEAO et le Mali, \u00e0 l\u2019exception des denr\u00e9es de premi\u00e8re n\u00e9cessit\u00e9, l\u2019\u00e9lectricit\u00e9 et le carburant et demandons \u00e0 tous les partenaires de faire de m\u00eame\u00bb, a \u00e9galement fait savoir \u00e0 l\u2019issue de ce conclave, Mahamadou Issoufou, le pr\u00e9sident du Niger et pr\u00e9sident en exercice de cette institution.\u00a0<\/p>\n<\/div>\n<p>Auteur: APA News<br \/>\n<a href=\"https:\/\/www.journalducameroun.com\/le-mali-suspend-lexportation-du-betail-vers-les-pays-de-la-cedeao\/\">Cliquez ici pour lire l&rsquo;article depuis sa source.<\/a><\/p>\n","protected":false},"excerpt":{"rendered":"<p>Publi\u00e9 le 23.08.2020 \u00e0 18h18 par APA News Le pr\u00e9sident de la fili\u00e8re b\u00e9tail viande du Mali, l\u2019honorable Aboubacar Ba, a annonc\u00e9 dans une d\u00e9cision parvenue dimanche \u00e0 APA, la suspension de l\u2019exportation du b\u00e9tail malien vers les pays de la Communaut\u00e9 \u00e9conomique des \u00c9tats de l\u2019Afrique de l\u2019ouest ( CEDEAO) en r\u00e9action \u00e0 l\u2019embargo [&hellip;]<\/p>\n","protected":false},"author":1965,"featured_media":0,"comment_status":"closed","ping_status":"closed","sticky":false,"template":"","format":"standard","meta":{"fifu_image_url":"","fifu_image_alt":"","footnotes":""},"categories":[73,82],"tags":[],"class_list":["post-96629","post","type-post","status-publish","format-standard","hentry","category-actualite","category-cameroun"],"_links":{"self":[{"href":"https:\/\/linitiative.ca\/International\/wp-json\/wp\/v2\/posts\/96629","targetHints":{"allow":["GET"]}}],"collection":[{"href":"https:\/\/linitiative.ca\/International\/wp-json\/wp\/v2\/posts"}],"about":[{"href":"https:\/\/linitiative.ca\/International\/wp-json\/wp\/v2\/types\/post"}],"author":[{"embeddable":true,"href":"https:\/\/linitiative.ca\/International\/wp-json\/wp\/v2\/users\/1965"}],"replies":[{"embeddable":true,"href":"https:\/\/linitiative.ca\/International\/wp-json\/wp\/v2\/comments?post=96629"}],"version-history":[{"count":0,"href":"https:\/\/linitiative.ca\/International\/wp-json\/wp\/v2\/posts\/96629\/revisions"}],"wp:attachment":[{"href":"https:\/\/linitiative.ca\/International\/wp-json\/wp\/v2\/media?parent=96629"}],"wp:term":[{"taxonomy":"category","embeddable":true,"href":"https:\/\/linitiative.ca\/International\/wp-json\/wp\/v2\/categories?post=96629"},{"taxonomy":"post_tag","embeddable":true,"href":"https:\/\/linitiative.ca\/International\/wp-json\/wp\/v2\/tags?post=96629"}],"curies":[{"name":"wp","href":"https:\/\/api.w.org\/{rel}","templated":true}]}}