{"id":96632,"date":"2020-08-23T11:39:09","date_gmt":"2020-08-23T15:39:09","guid":{"rendered":"https:\/\/linitiative.ca\/International\/desordre-urbain-les-marches-spontanes-de-nuit-prosperent-a-yaounde\/"},"modified":"2020-08-23T11:39:09","modified_gmt":"2020-08-23T15:39:09","slug":"desordre-urbain-les-marches-spontanes-de-nuit-prosperent-a-yaounde","status":"publish","type":"post","link":"https:\/\/linitiative.ca\/International\/desordre-urbain-les-marches-spontanes-de-nuit-prosperent-a-yaounde\/","title":{"rendered":"D\u00e9sordre urbain : les march\u00e9s spontan\u00e9s de nuit prosp\u00e8rent \u00e0 Yaound\u00e9"},"content":{"rendered":"<p>Ce 18 aout 2020, il est 19h\u00a0\u00a0et la nuit tombe\u00a0 lentement\u00a0\u00a0sur la ville de Yaound\u00e9. Aux carrefours Nlongkak et \u00ab\u00a0Province\u00a0\u00bb l\u2019embouteillage gagne les rues mais\u00a0\u00a0pas seulement \u00e0 cause de l\u2019heure de pointe. En effet, des vendeurs\u00a0 ont\u00a0 install\u00e9\u00a0 leur marchandise, emp\u00eachant par cet encombrement le passage des personnes qui reviennent de leurs lieux de services et qui veulent plus que tout trouver un taxi. Ce sont des chaussures, sous-v\u00eatements dans les malles arri\u00e8re des v\u00e9hicules et parfois de la nourriture que les commer\u00e7ants des march\u00e9s environnants qui n\u2019ont pas pu \u00e9couler pr\u00e9sentent aux passants. Les plus courageux se sont install\u00e9s sur le contrebas de l\u2019immeuble abritant les services du gouverneur, am\u00e9nages et \u00e9clair\u00e9s. Sans la moindre insouciance ni peur parce que\u00a0 la\u00a0 mairie ne travaille pas dans la nuit. Ils s\u2019installent alors comme ils veulent, et rendant la circulation difficile \u00bb, se plaint un usager. \u00a0<\/p>\n<p>Dans les quartiers Biyem-Assi,\u00a0\u00a0Rond-point express et Carrefour Jouvence, la situation est tout aussi pr\u00e9occupante. Ici, ce sont les vendeuses\u00a0 des\u00a0 vivres\u00a0 frais qu\u2019on trouve install\u00e9es sur les espaces pr\u00e9vus pour les pi\u00e9tons. \u00ab<em>\u00a0Je n\u2019ai pas de gros revenus, pour me procurer une place dans les march\u00e9s des environs. En soir\u00e9e, personne ne vient me d\u00e9ranger comme c\u2019est le cas en journ\u00e9e avec les agents de la mairie qui viennent nous d\u00e9guerpir<\/em>\u00a0\u00bb, explique\u00a0 Martine.<\/p>\n<p><strong>Lire aussi<\/strong> : <a href=\"https:\/\/ecomatin.net\/desordre-urbain-les-moto-taximen-narguent-la-decision-du-prefet-du-mfoundi\/\">D\u00e9sordre urbain\u00a0: les moto-taximen narguent la d\u00e9cision du pr\u00e9fet du Mfoundi<\/a><\/p>\n<p><strong>Raisonnement scandaleux \u00a0<\/strong><\/p>\n<p>Les march\u00e9s diurnes sont r\u00e9glement\u00e9s. Paradoxalement, c\u2019est aussi la mise en application de cette r\u00e9glementation par les agents des mairies qui est source de conflits avec les commer\u00e7ants. Cependant, ces probl\u00e8mes diurnes ne sauraient expliquer, \u00e0 eux seuls, l\u2019existence des march\u00e9s nocturnes de rue.\u00a0\u00a0L\u2019autre raison est que, le march\u00e9 a attir\u00e9 d\u2019autres acteurs qui, \u00e0 d\u00e9faut d\u2019espace ou de moyens d\u2019acquisition des hangars construits par les mairies, ont envahi les voies publiques ou se sont lanc\u00e9s dans la vente \u00e0 la sauvette. Le commerce de nourriture (beignets, poisson \u00e0 la braise, ma\u00efs et plantain \u00e0 la braise entre autres). Celles qui vendent les vivres dans les march\u00e9s communaux en journ\u00e9e se font g\u00e9n\u00e9ralement remplacer par leurs parents ou amis dans les march\u00e9s nocturnes. Certains carrefours tels que ceux de Biyem-Assi ou de Melen, offrent la possibilit\u00e9 \u00e0 certaines vendeuses de pratiquer leurs activit\u00e9s du matin \u00e0 la nuit. Celles-l\u00e0 habitent g\u00e9n\u00e9ralement non loin du march\u00e9 de quartier. C\u2019est donc de 16h \u00e0 22h environ en fonction de la densit\u00e9 de la client\u00e8le, que se tiennent les march\u00e9s nocturnes de rue.<\/p>\n<p>Les raisons \u00e9voqu\u00e9es pour justifier le choix de la nuit pour leurs activit\u00e9s commerciales sont: volont\u00e9 de liquider le stock de marchandises, vendeurs-vendeuses scolaris\u00e9s en journ\u00e9e et surtout \u00e9viter les taxes des march\u00e9s communaux.<\/p>\n<p><strong>Lire aussi<\/strong> : <a href=\"https:\/\/ecomatin.net\/yaounde-v-limpot-liberatoire-impose-malgre-lexoneration-en-vigueur\/\">Yaound\u00e9 V\u00a0: l\u2019imp\u00f4t lib\u00e9ratoire exig\u00e9 malgr\u00e9 l\u2019exon\u00e9ration en vigueur<\/a><\/p>\n<h2><strong>Des saisies pour limiter la prolif\u00e9ration<\/strong><\/h2>\n<p>Les march\u00e9s nocturnes dans la ville de Yaound\u00e9 se caract\u00e9risent par leur spontan\u00e9it\u00e9.\u00a0\u00a0Fruit de la d\u00e9brouillardise des populations, ils entrainent \u00e9galement le d\u00e9sordre urbain car tr\u00e8s souvent d\u00e9velopp\u00e9s aux abords des routes et\u00a0\u00a0carrefours.\u00a0La prolif\u00e9ration de ces march\u00e9s illicites de nuit entraine un manque \u00e0 gagner pour les municipalit\u00e9s car les commer\u00e7ants s\u00e9dentaires dans les boutiques sont l\u00e9s\u00e9s par ces activit\u00e9s qui font prosp\u00e9rer les \u00ab\u00a0hors la loi\u00a0\u00bb. Cependant, du c\u00f4t\u00e9 des mairies l\u2019on se plaint des restrictions impos\u00e9es par la hi\u00e9rarchie. Du fait de la d\u00e9centralisation, les municipalit\u00e9s ont des mains li\u00e9es et ne peuvent pas continuer leurs actions de r\u00e9pression.\u00a0<em>\u00ab\u00a0\u00c0 l\u2019\u00e9poque nous avions des brigades de recouvrement que l\u2019on envoyait avec le FME pour contraindre les commer\u00e7ants \u00e0 payer mais il y a eu des incidents qui ont entra\u00een\u00e9 la d\u00e9cision par le Pr\u00e9fet de surseoir \u00e0 ces op\u00e9rations. Le principe \u00e9tait simple, ils tendaient des embuscades aux commer\u00e7ants et \u00e7a a entra\u00een\u00e9 des altercations<\/em>\u00a0\u00bb, nous explique Virginie Simone NGAH, 2<sup>\u00e8me<\/sup>\u00a0adjoint au maire de Yaound\u00e9 6.<\/p>\n<p><strong>Lire aussi<\/strong> : <a href=\"https:\/\/ecomatin.net\/le-coronavirus-fait-perdre-5-milliards-de-f-de-recettes-a-la-mairie-de-yaounde\/\">Le Coronavirus fait perdre 5 milliards de recette \u00e0 la Maire de Yaound\u00e9<\/a><\/p>\n<p>Il est donc clair que les mairies sont effectivement au courant de l\u2019existence des march\u00e9s\u00a0\u00a0spontan\u00e9s de nuit mais faute d\u2019une autorisation pr\u00e9alable, elles ne peuvent agir. Avant,\u00a0la police et les agents municipaux, ont tent\u00e9\u00a0\u00a0de mettre un terme \u00e0 ce d\u00e9sordre urbain, \u00e0\u00a0\u00a0travers des\u00a0\u00a0op\u00e9rations\u00a0\u00a0r\u00e9guli\u00e8res\u00a0\u00a0de d\u00e9guerpissement\u00a0\u00a0de ces\u00a0\u00a0voies Publiques mais une note de la pr\u00e9fecture a interdit ces sorties.\u00a0\u00a0\u00ab\u00a0<em>C\u2019est un gros manque \u00e0 gagner pour les municipalit\u00e9s parce que ces gens ne paient aucune taxe\u00a0<\/em>\u00bb, poursuit-elle d\u00e9sabus\u00e9e. Pourtant les mairies mettent \u00e0 disposition des commer\u00e7ants\u00a0\u00a0dans le cas des march\u00e9s de l\u2019arrondissement de Yaound\u00e9 6, des espaces marchands adapt\u00e9s \u00e0 tout type de bourse et de commerce \u00ab\u00a0<em>les espaces marchands dans les march\u00e9s varient suivant l\u2019espace que l\u2019on occupe pour les commer\u00e7ants ambulants qui vendent de mani\u00e8re p\u00e9riodique, ils paient des tickets \u00e0 100 F\/jour. Ceux qui ont des comptoirs sont assujettis \u00e0 un petit imp\u00f4t lib\u00e9ratoire de 2\u00a0000 F\/trimestre et les grandes boutiques paient des loyers communaux et imp\u00f4t lib\u00e9ratoire qui varient de 10\u00a0000 \u00e0 15\u00a0000 F le trimestre selon la cat\u00e9gorie<\/em>\u00a0\u00bb, pr\u00e9cise Virginie NGAH.<\/p>\n<p>Au\u00a0march\u00e9 Mokolo, le loyer mensuel officiel pour un comptoir d\u2019un m\u00e8tre carr\u00e9\u00a0\u00a0est de 10 000 FCFA. En ce qui concerne les boutiques, il varie de 30 000 FCFA \u00e0 70 000 FCFA. Selon les superficies. La gestion de ces\u00a0\u00a0espaces\u00a0\u00a0a\u00a0\u00a0\u00e9t\u00e9\u00a0\u00a0conc\u00e9d\u00e9e \u00e0\u00a0\u00a0des sous-traitants, ce\u00a0\u00a0qui oblige\u00a0\u00a0les commer\u00e7ants\u00a0\u00a0\u00e0\u00a0\u00a0la\u00a0\u00a0clandestinit\u00e9.\u00a0De plus, ceux des commer\u00e7ants qui investissent dans ces boutiques, ont du mal \u00e0 r\u00e9aliser des b\u00e9n\u00e9fices, les clients tardant encore \u00e0 s\u2019y rendre.\u00a0Le probl\u00e8me selon l\u2019adjointe au maire ne vient donc pas des municipalit\u00e9s. La mise en \u0153uvre de la d\u00e9centralisation leur enl\u00e8ve d\u00e8s lors,\u00a0\u00a0le droit d\u2019intenter une quelconque action pour d\u00e9courager les r\u00e9calcitrants. En somme, aucune action ne peut \u00eatre entreprise pour mettre un terme au d\u00e9sordre urbain si le Pr\u00e9fet n\u2019a pas donn\u00e9 son aval. Une situation suffisamment probl\u00e9matique si l\u2019on la laisse perdurer. Pourtant dans un premier temps, seule\u00a0l\u2019obscurit\u00e9 qui s\u2019installait au coucher du soleil, obligeait les commer\u00e7ants soit \u00e0 quitter les march\u00e9s communaux peu ou pas du tout \u00e9clair\u00e9s, soit \u00e0 investir les abords des routes et carrefours o\u00f9 l\u2019on retrouve des lampadaires.<\/p>\n<p><strong>Lire aussi<\/strong> : <a href=\"https:\/\/ecomatin.net\/performance-de-plus-2-milliards-fcfa-de-benefice-realise-en-2018-par-la-cuy\/\">Performance\u00a0: plus de 2 milliards de FCFA de b\u00e9n\u00e9fice r\u00e9alis\u00e9 en 2018 par la CUY<\/a><\/p>\n<div class=\"awac-wrapper awac widget posts-list-widget-11\">\n<h4 class=\"widget-title\">Le plus r\u00e9cent<\/h4>\n<\/div>\n<p>Auteur: Eco Matin<br \/>\n<a href=\"https:\/\/ecomatin.net\/desordre-urbain-les-marches-spontanes-de-nuit-prosperent-a-yaounde\/\">Cliquez ici pour lire l&rsquo;article depuis sa source.<\/a><\/p>\n","protected":false},"excerpt":{"rendered":"<p>Ce 18 aout 2020, il est 19h\u00a0\u00a0et la nuit tombe\u00a0 lentement\u00a0\u00a0sur la ville de Yaound\u00e9. Aux carrefours Nlongkak et \u00ab\u00a0Province\u00a0\u00bb l\u2019embouteillage gagne les rues mais\u00a0\u00a0pas seulement \u00e0 cause de l\u2019heure de pointe. En effet, des vendeurs\u00a0 ont\u00a0 install\u00e9\u00a0 leur marchandise, emp\u00eachant par cet encombrement le passage des personnes qui reviennent de leurs lieux de services [&hellip;]<\/p>\n","protected":false},"author":1969,"featured_media":0,"comment_status":"closed","ping_status":"closed","sticky":false,"template":"","format":"standard","meta":{"fifu_image_url":"","fifu_image_alt":"","footnotes":""},"categories":[82,78],"tags":[],"class_list":["post-96632","post","type-post","status-publish","format-standard","hentry","category-cameroun","category-economie"],"_links":{"self":[{"href":"https:\/\/linitiative.ca\/International\/wp-json\/wp\/v2\/posts\/96632","targetHints":{"allow":["GET"]}}],"collection":[{"href":"https:\/\/linitiative.ca\/International\/wp-json\/wp\/v2\/posts"}],"about":[{"href":"https:\/\/linitiative.ca\/International\/wp-json\/wp\/v2\/types\/post"}],"author":[{"embeddable":true,"href":"https:\/\/linitiative.ca\/International\/wp-json\/wp\/v2\/users\/1969"}],"replies":[{"embeddable":true,"href":"https:\/\/linitiative.ca\/International\/wp-json\/wp\/v2\/comments?post=96632"}],"version-history":[{"count":0,"href":"https:\/\/linitiative.ca\/International\/wp-json\/wp\/v2\/posts\/96632\/revisions"}],"wp:attachment":[{"href":"https:\/\/linitiative.ca\/International\/wp-json\/wp\/v2\/media?parent=96632"}],"wp:term":[{"taxonomy":"category","embeddable":true,"href":"https:\/\/linitiative.ca\/International\/wp-json\/wp\/v2\/categories?post=96632"},{"taxonomy":"post_tag","embeddable":true,"href":"https:\/\/linitiative.ca\/International\/wp-json\/wp\/v2\/tags?post=96632"}],"curies":[{"name":"wp","href":"https:\/\/api.w.org\/{rel}","templated":true}]}}