{"id":96644,"date":"2020-08-24T09:53:25","date_gmt":"2020-08-24T13:53:25","guid":{"rendered":"https:\/\/linitiative.ca\/International\/mohssine-aznague-du-panache-a-revendre\/"},"modified":"2020-08-24T09:53:25","modified_gmt":"2020-08-24T13:53:25","slug":"mohssine-aznague-du-panache-a-revendre","status":"publish","type":"post","link":"https:\/\/linitiative.ca\/International\/mohssine-aznague-du-panache-a-revendre\/","title":{"rendered":"Mohssine Aznague, du panache \u00e0 revendre"},"content":{"rendered":"<p class=\"has-text-color has-vivid-red-color c2\"><strong>Un bel exemple de transcendance entrepreneuriale<\/strong><\/p>\n<p class=\"c3\"><strong>Saoudi El Amalki<\/strong><\/p>\n<p class=\"has-text-color has-vivid-cyan-blue-color\"><strong>Il y a de ces jeunes comp\u00e9tences qui ne cessent de crever l\u2019\u00e9cran l\u00e0 o\u00f9 ils font sensation dans leur domaine. P\u00e9tillants de verve et d\u2019engouement, ils mettent du feu aux poudres pour faire flor\u00e8s en tel ou tel projet qui leur tient \u00e0 c\u0153ur.<\/strong><\/p>\n<p>Pareil au tison qui cr\u00e9pite sur le brasier, ils ne c\u00e8dent jamais aux traquenards, en cours de chemin et s\u2019en vont jusqu\u2019au bout de leur r\u00eave ardent. Notre pays compte parmi ses filles et gar\u00e7ons, des prodiges fougueux et p\u00e9tulants qui l\u2019honorent et l\u2019\u00e9rigent au summum de l\u2019\u00e9minence.<\/p>\n<p>Mohssine Aznague, un virtuose galopant de cette trempe, fait certainement partie de cette flop\u00e9e de jeunes cadres qui, tambours battants, confectionne son bout de route, avec passion et ferveur.<\/p>\n<p>D\u00e8s ses premi\u00e8res cavalcades, il s\u2019en alla dans les pays des vikings, aiguillonner en terres su\u00e9doises ses connaissances pour meubler son esprit scrutateur et aff\u00fbter son g\u00e9nie flamboyant.<\/p>\n<p>En Scandinavie o\u00f9 il amor\u00e7ait ses \u00e9tudes universitaires, il a d\u00e9j\u00e0 fait ses preuves en y enfantant ses petites merveilles en \u00e9v\u00e9nementiel, \u00e0 Stockholm en 2009.Un peu plus tard, en 2013 \u00e0 Oslo, il r\u00e9cidivait avec une rencontre de plus de 3500 participants au Sommet des universit\u00e9s du monde.<\/p>\n<p>Depuis ces bapt\u00eames d\u2019aventure o\u00f9 il damait le pion par ses trouvailles en mati\u00e8re de management, il prend go\u00fbt \u00e0 ce hobby de pr\u00e9dilection auquel il met du c\u0153ur et du savoir-faire. Et puis, une fois rentr\u00e9 au bercail, d\u00e9bordant de s\u00e8ve et de punch, il se lan\u00e7ait dans son ouvrage pr\u00e9f\u00e9r\u00e9 qui brillait d\u2019int\u00e9grit\u00e9 et de s\u00e9rieux.<\/p>\n<p>Ce qui valait la confiance et l\u2019adh\u00e9sion des partenaires du jeunot artisan dont les projets, joliment ficel\u00e9s et pris\u00e9s, parvenaient \u00e0 attendrir les bailleurs de fonds. L\u2019ann\u00e9e 2015 fut, sans conteste, la cerise sur le g\u00e2teau qui scellait \u00e0 son labeur cr\u00e9atif, une r\u00e9elle pinc\u00e9e d\u2019amour dans son petit c\u0153ur d\u2019enfant ensorcel\u00e9. En effet, il avait \u00a0un sacr\u00e9 cran d\u2019aller s\u2019\u00e9vertuer \u00e0 tenir au palace du Sofitel d\u2019Agadir, le fameux Sommet africain d\u2019agriculture auquel il conviait des sommit\u00e9s av\u00e9r\u00e9es de ce secteur.<\/p>\n<p>Plus de 350 visiteurs dont un \u00e9ventail d\u2019ambassadeurs venus de nombre de pays du continent, ainsi que de tous les coins du monde. Tout feu, tout flamme, le jeune initiateur de cet \u00e9v\u00e9nement de taille allait tressaillir de trac face \u00e0 une affluence de si haut niveau, lui qui paraissait si fr\u00eale et fluet, du haut de sa fleur d\u2019\u00e2ge, mais \u00e9pris de volupt\u00e9 fr\u00e9n\u00e9tique.<\/p>\n<p>\u00abVous savez, \u00e0 peine fus-je en face de cet imposant parterre, lors du mot de bienvenue \u00e0 l\u2019assistance, qu\u2019une doucereuse frayeur m\u2019envahissait \u00e0 mort. Mais, tr\u00e8s vite apr\u00e8s, je me ressaisissais comme si je me faisais coller les ailes, sur le pupitre en perchoir.<\/p>\n<p>C\u2019\u00e9tait un beau moment de fiert\u00e9 et de b\u00e9atitude!\u00bb, confiait-il pour avoir r\u00e9ussi non sans \u00e9clat, cette sublime aventure. Et de poursuivre\u00a0: \u00abCe n\u2019est pas du tout les bonnes volont\u00e9s qui peuvent manquer. Si on est porteur d\u2019un projet de valeur, on est soutenu \u00e0 bras le corps, par les sponsors de toutes parts!\u00bb. A pr\u00e9sent, il est en train de mettre sur orbite dans l\u2019avenir, un rassemblement de r\u00e9flexion et d\u2019\u00e9change autour de la th\u00e9matique ayant trait aux \u00abapports des Tours Operators sur le tourisme nation\u00bb.<\/p>\n<p>En plus de ses activit\u00e9s entrepreneuriales en mati\u00e8re d\u2019export agro-alimentaire, Mohssine Aznague s\u2019embarque \u00e9galement dans le domaine du consulting en \u00e9ducation. Pour ce faire, il fondait une entreprise baptis\u00e9e \u00abExpertia group\u00bb dont Campus Espagne en 2016, con\u00e7ue aux hispanophones de la r\u00e9gion du sud en particulier, par le biais d\u2019une convention avec l\u2019Ecole Sup\u00e9rieure\/Business School (ESMS), consacr\u00e9e aux \u00e9tudiants d\u00e9sireux de poursuivre leur dessein en terres ib\u00e9riques avec des enseignants qualifi\u00e9s venus d\u2019Espagne.<\/p>\n<p>Cette action novatrice vise \u00e0 faciliter les \u00e9tudes en p\u00e9ninsule voisine et accompagner les \u00e9tudiants aux diff\u00e9rentes phases proc\u00e9durales \u00e0 entretenir en termes de formalit\u00e9s, de visas, d\u2019accueil, d\u2019h\u00e9bergement et bien d\u2019autres. D\u2019autant plus qu\u2019il est question de rapprocher ces \u00e9tudes en assurant l\u2019ann\u00e9e pr\u00e9paratoire \u00e0 Agadir, au lieu de l\u2019accomplir en Espagne pour permettre l\u2019all\u00e9gement des d\u00e9penses estudiantines.<\/p>\n<p>Histoire de d\u00e9localiser les \u00e9tudes pr\u00e9liminaires, ce que l\u2019on appelle sur place de \u00abSelectividad\u00bb. Enfin, il faut bien dire que Mohssine Aznague incarne bel et bien un mod\u00e8le patent de jeune patriote dont a besoin la nation pour relever les d\u00e9fis d\u2019un pays en constante \u00e9mergence et en qu\u00eate de ses comp\u00e9tences.<\/p>\n<p>Auteur: M&rsquo;hammed rahal<br \/>\n<a href=\"http:\/\/albayane.press.ma\/mohssine-aznague-du-panache-a-revendre.html\">Cliquez ici pour lire l&rsquo;article depuis sa source.<\/a><\/p>\n","protected":false},"excerpt":{"rendered":"<p>Un bel exemple de transcendance entrepreneuriale Saoudi El Amalki Il y a de ces jeunes comp\u00e9tences qui ne cessent de crever l\u2019\u00e9cran l\u00e0 o\u00f9 ils font sensation dans leur domaine. P\u00e9tillants de verve et d\u2019engouement, ils mettent du feu aux poudres pour faire flor\u00e8s en tel ou tel projet qui leur tient \u00e0 c\u0153ur. Pareil [&hellip;]<\/p>\n","protected":false},"author":1760,"featured_media":0,"comment_status":"closed","ping_status":"closed","sticky":false,"template":"","format":"standard","meta":{"fifu_image_url":"","fifu_image_alt":"","footnotes":""},"categories":[73,54],"tags":[],"class_list":["post-96644","post","type-post","status-publish","format-standard","hentry","category-actualite","category-maroc"],"_links":{"self":[{"href":"https:\/\/linitiative.ca\/International\/wp-json\/wp\/v2\/posts\/96644","targetHints":{"allow":["GET"]}}],"collection":[{"href":"https:\/\/linitiative.ca\/International\/wp-json\/wp\/v2\/posts"}],"about":[{"href":"https:\/\/linitiative.ca\/International\/wp-json\/wp\/v2\/types\/post"}],"author":[{"embeddable":true,"href":"https:\/\/linitiative.ca\/International\/wp-json\/wp\/v2\/users\/1760"}],"replies":[{"embeddable":true,"href":"https:\/\/linitiative.ca\/International\/wp-json\/wp\/v2\/comments?post=96644"}],"version-history":[{"count":0,"href":"https:\/\/linitiative.ca\/International\/wp-json\/wp\/v2\/posts\/96644\/revisions"}],"wp:attachment":[{"href":"https:\/\/linitiative.ca\/International\/wp-json\/wp\/v2\/media?parent=96644"}],"wp:term":[{"taxonomy":"category","embeddable":true,"href":"https:\/\/linitiative.ca\/International\/wp-json\/wp\/v2\/categories?post=96644"},{"taxonomy":"post_tag","embeddable":true,"href":"https:\/\/linitiative.ca\/International\/wp-json\/wp\/v2\/tags?post=96644"}],"curies":[{"name":"wp","href":"https:\/\/api.w.org\/{rel}","templated":true}]}}