{"id":96645,"date":"2020-08-24T09:59:34","date_gmt":"2020-08-24T13:59:34","guid":{"rendered":"https:\/\/linitiative.ca\/International\/%ef%bb%bfles-cafes-sommes-de-fermer-a-18h\/"},"modified":"2020-08-24T09:59:34","modified_gmt":"2020-08-24T13:59:34","slug":"%ef%bb%bfles-cafes-sommes-de-fermer-a-18h","status":"publish","type":"post","link":"https:\/\/linitiative.ca\/International\/%ef%bb%bfles-cafes-sommes-de-fermer-a-18h\/","title":{"rendered":"\ufeffLes caf\u00e9s somm\u00e9s de fermer \u00e0 18H"},"content":{"rendered":"<p class=\"has-text-color has-vivid-red-color c2\"><strong>Finale de la LDC<\/strong><\/p>\n<p class=\"c3\"><strong>Karim Ben Amar<\/strong><\/p>\n<p class=\"has-text-color c4\"><strong>Apr\u00e8s le match opposant le FC Barcelone au Bayern Munich, comptant pour les quarts de finale de la Ligue des Champions, les autorit\u00e9s de la ville de Tanger ont d\u00e9cid\u00e9 d\u2019interdire la retransmission des matchs de football, consigne suivie \u00e0 la lettre, et cela dans toute la ville. Ce dimanche 23 ao\u00fbt, jour de la finale de la comp\u00e9tition europ\u00e9enne, tous les aficionados du ballon rond esp\u00e9raient une exception qui leur permettrait de suivre le choc de la soir\u00e9e\u00a0: PSG-Bayern Munich. Mais le ton a vite \u00e9t\u00e9 donn\u00e9. Ce jour de match exceptionnellement, les caf\u00e9s de la ville ont eu pour instructions de fermer \u00e0 18H au lieu de 22H, afin d\u2019\u00e9viter toute infraction \u00e0 cette r\u00e8gle circonstancielle. Comment les clients et \u00abpatrons\u00bb ont-ils r\u00e9agi ? Tour d\u2019horizon.<\/strong><\/p>\n<p>A Tanger, une finale de la Ligue des Champions sans club espagnol a toujours un gout d\u2019amertume. Mais que dire alors d\u2019une interdiction de retransmission de cette m\u00eame finale dans les caf\u00e9s?<\/p>\n<p>Il est pr\u00e8s de 16H30 ce dimanche 23 ao\u00fbt, non loin du quartier \u00abRoxy\u00bb, lorsque des \u00e9l\u00e9ments des Forces auxiliaires et des \u00abmokaddems\u00bb avertissent les g\u00e9rants de caf\u00e9s situ\u00e9s dans le p\u00e9rim\u00e8tre, de l\u2019heure de fermeture. \u00abOccasionnellement et pour \u00e9viter la retransmission de la finale de la Ligue des Champions, les caf\u00e9s sont pri\u00e9s de fermer \u00e0 18H\u00bb, ont-ils annonc\u00e9 \u00e0 tous les g\u00e9rants de caf\u00e9s de la place.<\/p>\n<p>La r\u00e9action \u00e0 cette fermeture exceptionnelle ne sait pas fait attendre. Les clients d\u2019une part et les g\u00e9rants d\u2019autre part, personne n\u2019y trouve son compte. A cet effet, Ala\u00e2, g\u00e9rant d\u2019un caf\u00e9 du quartier a affirm\u00e9 que\u00a0\u00abcela commence \u00e0 devenir insurmontable. Le fait de nous interdire la retransmission des matchs impact lourdement notre chiffre d\u2019affaires\u00bb.Et d\u2019ajouter, \u00abqu\u2019on nous demande de fermer un dimanche \u00e0 18H me laisse sans voix, surtout qu\u2019il y a une r\u00e9elle relation de confiance entre les autorit\u00e9s et nous autres g\u00e9rants de caf\u00e9s. Tous les caf\u00e9s du quartier ont respect\u00e9 \u00e0 la lettre les indications, et cela d\u00e8s le d\u00e9but de la reprise de l\u2019activit\u00e9\u00bb.<\/p>\n<p>Badr, un habitu\u00e9 du caf\u00e9 a d\u00e9clar\u00e9 pour sa part que cette fermeture \u00e0 18H est excessive. \u00abDepuis que les autorit\u00e9s ont ordonn\u00e9 l\u2019interdiction de la retransmission des matchs de football dans les caf\u00e9s, aucune infraction n\u2019a \u00e9t\u00e9 relev\u00e9e, encore moins dans ce quartier. Alors, pourquoi nous renvoyer chez nous en pleine journ\u00e9e?\u00bb.<\/p>\n<p>\u00ab\u00a0Depuis l\u2019\u00e9tat d\u2019urgence sanitaire, nous n\u2019avons plus o\u00f9 aller. A Tanger, presque tout est devenu interdit, sans parler de la plage et des promenades nocturnes qui sont d\u00e9sormais \u00e0 \u00e9viter, si on ne veut pas se faire sermonner par les autorit\u00e9s\u00bb, a-t-il r\u00e9v\u00e9l\u00e9.<\/p>\n<p>Aussi, de nombreux clients de caf\u00e9s n\u2019ont eu d\u2019autre choix que de se rendre dans les bars et restaurants pour suivre le match. Dans ce sens, ce quarantenaire, chauffeur dans une soci\u00e9t\u00e9 de transport du personnel a confi\u00e9 \u00e0 notre \u00e9gard, je cit\u00e9\u00a0: \u00abje ne trouve pas normal que les bars retransmettent tous les matchs de la Champions League, dont la finale, alors qu\u2019en m\u00eame temps les caf\u00e9s sont somm\u00e9s de fermer boutique\u00bb.<\/p>\n<p>Said, un autre habitu\u00e9 des lieux a signal\u00e9 pour sa part qu\u2019\u00a0\u00abil est certes d\u00e9sagr\u00e9able de devoir quitter le caf\u00e9 \u00e0 18H, c\u2019est tout le programme d\u2019une journ\u00e9e qui est chamboul\u00e9, mais c\u2019est pour la bonne cause\u00bb.<\/p>\n<p>Ce soixantenaire, cuisinier de profession a aussi soulign\u00e9 que \u00abTanger conna\u00eet une hausse des cas de contamination, il est donc normal que les autorit\u00e9s serrent la vis. De plus, Sa Majest\u00e9 dans son discours du jeudi 20 ao\u00fbt, a \u00e9voqu\u00e9 une possibilit\u00e9, si cela est n\u00e9cessaire, de s\u2019engager dans une nouvelle p\u00e9riode de confinement obligatoire\u00bb.<\/p>\n<p>Et de conclure, \u00abje pense donc, qu\u2019il vaut mieux pour tout le monde de se plier aux mesures sanitaires pr\u00e9ventives afin d\u2019\u00e9viter que cela arrive\u00bb.<\/p>\n<p>Auteur: M&rsquo;hammed rahal<br \/>\n<a href=\"http:\/\/albayane.press.ma\/%EF%BB%BFles-cafes-sommes-de-fermer-a-18h.html\">Cliquez ici pour lire l&rsquo;article depuis sa source.<\/a><\/p>\n","protected":false},"excerpt":{"rendered":"<p>Finale de la LDC Karim Ben Amar Apr\u00e8s le match opposant le FC Barcelone au Bayern Munich, comptant pour les quarts de finale de la Ligue des Champions, les autorit\u00e9s de la ville de Tanger ont d\u00e9cid\u00e9 d\u2019interdire la retransmission des matchs de football, consigne suivie \u00e0 la lettre, et cela dans toute la ville. [&hellip;]<\/p>\n","protected":false},"author":1760,"featured_media":0,"comment_status":"closed","ping_status":"closed","sticky":false,"template":"","format":"standard","meta":{"fifu_image_url":"","fifu_image_alt":"","footnotes":""},"categories":[73,54],"tags":[],"class_list":["post-96645","post","type-post","status-publish","format-standard","hentry","category-actualite","category-maroc"],"_links":{"self":[{"href":"https:\/\/linitiative.ca\/International\/wp-json\/wp\/v2\/posts\/96645","targetHints":{"allow":["GET"]}}],"collection":[{"href":"https:\/\/linitiative.ca\/International\/wp-json\/wp\/v2\/posts"}],"about":[{"href":"https:\/\/linitiative.ca\/International\/wp-json\/wp\/v2\/types\/post"}],"author":[{"embeddable":true,"href":"https:\/\/linitiative.ca\/International\/wp-json\/wp\/v2\/users\/1760"}],"replies":[{"embeddable":true,"href":"https:\/\/linitiative.ca\/International\/wp-json\/wp\/v2\/comments?post=96645"}],"version-history":[{"count":0,"href":"https:\/\/linitiative.ca\/International\/wp-json\/wp\/v2\/posts\/96645\/revisions"}],"wp:attachment":[{"href":"https:\/\/linitiative.ca\/International\/wp-json\/wp\/v2\/media?parent=96645"}],"wp:term":[{"taxonomy":"category","embeddable":true,"href":"https:\/\/linitiative.ca\/International\/wp-json\/wp\/v2\/categories?post=96645"},{"taxonomy":"post_tag","embeddable":true,"href":"https:\/\/linitiative.ca\/International\/wp-json\/wp\/v2\/tags?post=96645"}],"curies":[{"name":"wp","href":"https:\/\/api.w.org\/{rel}","templated":true}]}}