{"id":96646,"date":"2020-08-24T10:06:17","date_gmt":"2020-08-24T14:06:17","guid":{"rendered":"https:\/\/linitiative.ca\/International\/covid-19-sm-le-roi-en-appelle-a-la-responsabilite-et-au-patriotisme-de-tous-les-citoyens\/"},"modified":"2020-08-24T10:06:17","modified_gmt":"2020-08-24T14:06:17","slug":"covid-19-sm-le-roi-en-appelle-a-la-responsabilite-et-au-patriotisme-de-tous-les-citoyens","status":"publish","type":"post","link":"https:\/\/linitiative.ca\/International\/covid-19-sm-le-roi-en-appelle-a-la-responsabilite-et-au-patriotisme-de-tous-les-citoyens\/","title":{"rendered":"Covid-19: SM le Roi en appelle \u00e0 la responsabilit\u00e9 et au patriotisme de tous les citoyens"},"content":{"rendered":"<p class=\"has-text-color has-vivid-red-color c2\"><strong>L\u2019expert br\u00e9silien, Altair de Sousa Maia<\/strong><\/p>\n<p class=\"has-text-color c3\"><strong>SM le Roi Mohammed VI en a appel\u00e9, dans son discours \u00e0 l\u2019occasion du 67\u00e8me anniversaire de la R\u00e9volution du Roi et du Peuple, \u00e0 la responsabilit\u00e9 et au patriotisme de tous les citoyens pour pr\u00e9server les acquis engrang\u00e9s jusque-l\u00e0 dans la lutte contre la pand\u00e9mie du Covid-19, a indiqu\u00e9 l\u2019expert br\u00e9silien en affaires \u00e9conomiques, Altair de Sousa Maia.<\/strong><\/p>\n<p>L\u2019ancien professeur \u00e0 l\u2019Universit\u00e9 catholique de Bras\u00edlia a affirm\u00e9 dans une d\u00e9claration \u00e0 la MAP que le Maroc est cit\u00e9 comme un exemple en mati\u00e8re de lutte contre la pand\u00e9mie, vu le taux d\u2019infection qui reste des plus bas gr\u00e2ce aux actions et aux mesures prises par le Royaume, sous la vision \u00e9clair\u00e9e de SM le Roi.<\/p>\n<p>N\u00e9anmoins, l\u2019augmentation du nombre d\u2019infections depuis le d\u00e9but ao\u00fbt a amen\u00e9 le Souverain \u00e0 tirer la sonnette d\u2019alarme, appelant, dans son dernier discours, toutes les parties concern\u00e9es \u00e0 maintenir le niveau de vigilance dans la lutte contre le nouveau coronavirus, a expliqu\u00e9 le conf\u00e9rencier en relations internationales.<\/p>\n<p>Au milieu d\u2019une pand\u00e9mie qui continue de faire rage \u00e0 travers le monde, Sa Majest\u00e9 le Roi a exhort\u00e9 tous les citoyens \u00e0 faire preuve de sens de responsabilit\u00e9 et de patriotisme durant cette p\u00e9riode difficile, a fait observer M. De Sousa Maia.<\/p>\n<p>\u201cDes temps difficiles viendront et les temps difficiles exigent des mesures rigoureuses. SM le Roi en appelle, chez chaque marocain, au sens d\u2019unit\u00e9 et de respect de la soci\u00e9t\u00e9 dans son ensemble. Il exhorte \u00e9galement toutes les parties \u00e0 la mobilisation et \u00e0 l\u2019engagement en faveur de l\u2019effort national de lutter contre le Covid-19\u201d, a-t-il soulign\u00e9.<\/p>\n<p>L\u2019expert br\u00e9silien a, dans ce sens, soulign\u00e9 l\u2019importance du travail de la Commission scientifique charg\u00e9e du suivi de l\u2019\u00e9volution du Covid-19, notant que l\u2019\u00e9ventuel retour au confinement ou le durcissement des mesures sanitaires, s\u2019inscrivent dans le cadre de ces choix difficiles mais qui sont n\u00e9cessaires pour faire face \u00e0 cette p\u00e9riode d\u00e9licate.<\/p>\n<p>Certes, les mesures convenues jusqu\u2019\u00e0 pr\u00e9sent sont un exemple du s\u00e9rieux avec lequel le Maroc a r\u00e9pondu \u00e0 la crise sanitaire, mais l\u2019\u00e9volution de la pand\u00e9mie appelle un accompagnement par des mesures ad\u00e9quates, comme soulign\u00e9es par le Souverain, a relev\u00e9 M. De Sousa Maia.<\/p>\n<p>\u201cL\u2019effort national de lutte contre la pand\u00e9mie n\u00e9cessite un leadership ferme et patriotique dans le sens d\u2019unir le peuple autour d\u2019une d\u00e9marche salvatrice\u201d, a-t-il poursuivi, notant que le respect des mesures et le sens d\u2019engagement de tout un chacun sont \u00e0 m\u00eame de permettre aux autorit\u00e9s de venir \u00e0 bout de la pand\u00e9mie.<\/p>\n<p class=\"c4\">(AFP)<\/p>\n<p>Auteur: M&rsquo;hammed rahal<br \/>\n<a href=\"http:\/\/albayane.press.ma\/covid-19-sm-le-roi-en-appelle-a-la-responsabilite-et-au-patriotisme-de-tous-les-citoyens.html\">Cliquez ici pour lire l&rsquo;article depuis sa source.<\/a><\/p>\n","protected":false},"excerpt":{"rendered":"<p>L\u2019expert br\u00e9silien, Altair de Sousa Maia SM le Roi Mohammed VI en a appel\u00e9, dans son discours \u00e0 l\u2019occasion du 67\u00e8me anniversaire de la R\u00e9volution du Roi et du Peuple, \u00e0 la responsabilit\u00e9 et au patriotisme de tous les citoyens pour pr\u00e9server les acquis engrang\u00e9s jusque-l\u00e0 dans la lutte contre la pand\u00e9mie du Covid-19, a [&hellip;]<\/p>\n","protected":false},"author":1760,"featured_media":0,"comment_status":"closed","ping_status":"closed","sticky":false,"template":"","format":"standard","meta":{"fifu_image_url":"","fifu_image_alt":"","footnotes":""},"categories":[73,54],"tags":[],"class_list":["post-96646","post","type-post","status-publish","format-standard","hentry","category-actualite","category-maroc"],"_links":{"self":[{"href":"https:\/\/linitiative.ca\/International\/wp-json\/wp\/v2\/posts\/96646","targetHints":{"allow":["GET"]}}],"collection":[{"href":"https:\/\/linitiative.ca\/International\/wp-json\/wp\/v2\/posts"}],"about":[{"href":"https:\/\/linitiative.ca\/International\/wp-json\/wp\/v2\/types\/post"}],"author":[{"embeddable":true,"href":"https:\/\/linitiative.ca\/International\/wp-json\/wp\/v2\/users\/1760"}],"replies":[{"embeddable":true,"href":"https:\/\/linitiative.ca\/International\/wp-json\/wp\/v2\/comments?post=96646"}],"version-history":[{"count":0,"href":"https:\/\/linitiative.ca\/International\/wp-json\/wp\/v2\/posts\/96646\/revisions"}],"wp:attachment":[{"href":"https:\/\/linitiative.ca\/International\/wp-json\/wp\/v2\/media?parent=96646"}],"wp:term":[{"taxonomy":"category","embeddable":true,"href":"https:\/\/linitiative.ca\/International\/wp-json\/wp\/v2\/categories?post=96646"},{"taxonomy":"post_tag","embeddable":true,"href":"https:\/\/linitiative.ca\/International\/wp-json\/wp\/v2\/tags?post=96646"}],"curies":[{"name":"wp","href":"https:\/\/api.w.org\/{rel}","templated":true}]}}