{"id":96648,"date":"2020-08-24T08:26:24","date_gmt":"2020-08-24T12:26:24","guid":{"rendered":"https:\/\/linitiative.ca\/International\/covid-19-le-service-detat-civil-de-la-municipalite-de-msaken-ferme\/"},"modified":"2020-08-24T08:26:24","modified_gmt":"2020-08-24T12:26:24","slug":"covid-19-le-service-detat-civil-de-la-municipalite-de-msaken-ferme","status":"publish","type":"post","link":"https:\/\/linitiative.ca\/International\/covid-19-le-service-detat-civil-de-la-municipalite-de-msaken-ferme\/","title":{"rendered":"Covid-19: Le service d\u2019Etat civil de la municipalit\u00e9 de Msaken ferm\u00e9"},"content":{"rendered":"<div class=\"desc descp__content\" data-io-article-url=\"https:\/\/www.mosaiquefm.net\/fr\/actualite-regional-tunisie\/785021\/covid-19-le-service-d-etat-civil-de-la-municipalite-de-msaken-ferme\">\n<p>Le maire de Msaken (gouvernorat de Sousse), Mohamed Alaya, a assur\u00e9, ce lundi 24 ao\u00fbt 2020, que le service d\u2019Etat Civil relevant de la municipalit\u00e9 a \u00e9t\u00e9 ferm\u00e9, apr\u00e8s la d\u00e9tection d\u2019un cas de coronavirus chez une employ\u00e9e.<\/p>\n<p>Dans une d\u00e9claration accord\u00e9e \u00e0 MosaiqueFM, Mohamed Alaya a indiqu\u00e9 que dix de ses coll\u00e8gues ont \u00e9t\u00e9 soumis \u00e0 des tests de d\u00e9pistage du coronavirus et \u00e0 l\u2019auto-confinement.<\/p>\n<p>Et de pr\u00e9ciser que l\u2019employ\u00e9e a \u00e9t\u00e9 contamin\u00e9e par sa soeur.<\/p>\n<p><strong>source:mosaiquefm<\/strong><\/p>\n<\/div>\n<div class=\"wp-post-author-wrap wp-post-author-shortcode left\">\n<h3 class=\"awpa-title\"\/>\n<div class=\"wp-post-author\">\n<div class=\"awpa-img awpa-author-block square\"><a href=\"http:\/\/lexpertjournal.net\/fr\/?author=5\"><img loading=\"lazy\" decoding=\"async\" alt=\"\" src=\"http:\/\/0.gravatar.com\/avatar\/97f8e10a1c1125ba104a76514ee07b16?s=150&amp;d=mm&amp;r=g\" srcset=\"http:\/\/0.gravatar.com\/avatar\/97f8e10a1c1125ba104a76514ee07b16?s=300&amp;d=mm&amp;r=g 2x\" class=\"avatar avatar-150 photo\" height=\"150\" width=\"150\"\/><\/a><\/div>\n<\/div>\n<\/div>\n<aside class=\"mashsb-container mashsb-main mashsb-stretched\">\n<\/aside>\n<p>Auteur: L&rsquo;expert<br \/>\n<a href=\"http:\/\/lexpertjournal.net\/fr\/?p=16312\">Cliquez ici pour lire l&rsquo;article depuis sa source.<\/a><\/p>\n","protected":false},"excerpt":{"rendered":"<p>Le maire de Msaken (gouvernorat de Sousse), Mohamed Alaya, a assur\u00e9, ce lundi 24 ao\u00fbt 2020, que le service d\u2019Etat Civil relevant de la municipalit\u00e9 a \u00e9t\u00e9 ferm\u00e9, apr\u00e8s la d\u00e9tection d\u2019un cas de coronavirus chez une employ\u00e9e. Dans une d\u00e9claration accord\u00e9e \u00e0 MosaiqueFM, Mohamed Alaya a indiqu\u00e9 que dix de ses coll\u00e8gues ont \u00e9t\u00e9 [&hellip;]<\/p>\n","protected":false},"author":1775,"featured_media":0,"comment_status":"closed","ping_status":"closed","sticky":false,"template":"","format":"standard","meta":{"fifu_image_url":"","fifu_image_alt":"","footnotes":""},"categories":[78,55],"tags":[],"class_list":["post-96648","post","type-post","status-publish","format-standard","hentry","category-economie","category-tunisie"],"_links":{"self":[{"href":"https:\/\/linitiative.ca\/International\/wp-json\/wp\/v2\/posts\/96648","targetHints":{"allow":["GET"]}}],"collection":[{"href":"https:\/\/linitiative.ca\/International\/wp-json\/wp\/v2\/posts"}],"about":[{"href":"https:\/\/linitiative.ca\/International\/wp-json\/wp\/v2\/types\/post"}],"author":[{"embeddable":true,"href":"https:\/\/linitiative.ca\/International\/wp-json\/wp\/v2\/users\/1775"}],"replies":[{"embeddable":true,"href":"https:\/\/linitiative.ca\/International\/wp-json\/wp\/v2\/comments?post=96648"}],"version-history":[{"count":0,"href":"https:\/\/linitiative.ca\/International\/wp-json\/wp\/v2\/posts\/96648\/revisions"}],"wp:attachment":[{"href":"https:\/\/linitiative.ca\/International\/wp-json\/wp\/v2\/media?parent=96648"}],"wp:term":[{"taxonomy":"category","embeddable":true,"href":"https:\/\/linitiative.ca\/International\/wp-json\/wp\/v2\/categories?post=96648"},{"taxonomy":"post_tag","embeddable":true,"href":"https:\/\/linitiative.ca\/International\/wp-json\/wp\/v2\/tags?post=96648"}],"curies":[{"name":"wp","href":"https:\/\/api.w.org\/{rel}","templated":true}]}}