{"id":96651,"date":"2020-08-24T09:15:25","date_gmt":"2020-08-24T13:15:25","guid":{"rendered":"https:\/\/linitiative.ca\/International\/assemblees-annuelles-2020-de-la-banque-africaine-de-developpement-mieux-reconstruire-lafrique-apres-la-pandemie-de-covid-19\/"},"modified":"2020-08-24T09:15:25","modified_gmt":"2020-08-24T13:15:25","slug":"assemblees-annuelles-2020-de-la-banque-africaine-de-developpement-mieux-reconstruire-lafrique-apres-la-pandemie-de-covid-19","status":"publish","type":"post","link":"https:\/\/linitiative.ca\/International\/assemblees-annuelles-2020-de-la-banque-africaine-de-developpement-mieux-reconstruire-lafrique-apres-la-pandemie-de-covid-19\/","title":{"rendered":"Assembl\u00e9es annuelles 2020 de la Banque africaine de d\u00e9veloppement : mieux reconstruire l\u2019Afrique apr\u00e8s la pand\u00e9mie de Covid-19"},"content":{"rendered":"<table class=\"c1\">\n<tbody>\n<tr>\n<td\/>\n<td><strong><em>Le Dialogue des gouverneurs et l\u2019\u00e9lection d\u2019un pr\u00e9sident seront les priorit\u00e9s de l\u2019ordre du jour de ces prochaines Assembl\u00e9es, qui se d\u00e9rouleront les 26 et 27 ao\u00fbt 2020<\/em><\/strong><\/td>\n<td>ABIDJAN, C\u00f4te d\u2019Ivoire, 24 ao\u00fbt 2020\/ \u2014 Pour la premi\u00e8re fois dans l\u2019histoire de la Banque africaine de d\u00e9veloppement (<a href=\"http:\/\/www.afdb.org\/\" data-saferedirecturl=\"https:\/\/www.google.com\/url?q=http:\/\/www.AfDB.org&amp;source=gmail&amp;ust=1598355209759000&amp;usg=AFQjCNHRe5SVXyw5aI65BxppXoK82Q3WJw\">http:\/\/www.AfDB.org<\/a>), les Assembl\u00e9es annuelles de l\u2019institution auront lieu en mode virtuel, dans le respect des consignes de distanciation physique li\u00e9es \u00e0 la pand\u00e9mie de Covid-19.<\/p>\n<p>Le Dialogue des gouverneurs et l\u2019\u00e9lection d\u2019un pr\u00e9sident seront les priorit\u00e9s de l\u2019ordre du jour de ces prochaines Assembl\u00e9es, qui se d\u00e9rouleront les 26 et 27 ao\u00fbt\u00a02020.<\/p>\n<p>L\u2019ann\u00e9e\u00a02020, qui marque la 55<sup>\u00e8me<\/sup>\u00a0session annuelle du Conseil des gouverneurs de la Banque et la 46<sup>\u00e8me<\/sup>\u00a0session annuelle du Fonds africain de d\u00e9veloppement \u2013 le guichet concessionnel de la Banque \u2013, est d\u2019autant plus importante qu\u2019il s\u2019agit d\u2019une ann\u00e9e d\u2019\u00e9lection du pr\u00e9sident de la Banque. Le pr\u00e9sident en exercice, Akinwumi Adesina, est le seul candidat en lice pour un nouveau mandat quinquennal.<\/p>\n<p>Depuis que la pand\u00e9mie de Covid-19 a gagn\u00e9 le continent en d\u00e9but mars, l\u2019Afrique a enregistr\u00e9 plus d\u2019un million de cas confirm\u00e9s d\u2019infection au virus. La pand\u00e9mie a durement frapp\u00e9 les \u00e9conomies de la r\u00e9gion apr\u00e8s la chute des prix des produits de base et les mesures de confinement impos\u00e9es par les gouvernements ont entra\u00een\u00e9 la fermeture des fronti\u00e8res de nombreux pays du continent.<\/p>\n<p>Depuis plusieurs mois maintenant, la Banque apporte un soutien aux pays membres de la r\u00e9gion afin de prot\u00e9ger leurs \u00e9conomies, leurs syst\u00e8mes de sant\u00e9 et les moyens de subsistance de leurs populations contre les r\u00e9percussions induites par le Covid-19 sur la sant\u00e9 publique et l\u2019\u00e9conomie.<\/p>\n<p>En avril\u00a0dernier, la Banque a mis en place un m\u00e9canisme de r\u00e9ponse rapide au Covid-19, dot\u00e9 d\u2019un montant maximal de 10 milliards de dollars, afin d\u2019apporter un soutien flexible aux op\u00e9rations souveraines et non souveraines en Afrique. Le 20 Aout , 2,29 milliards de dollars de fonds de ce m\u00e9canisme avaient \u00e9t\u00e9 approuv\u00e9s pour les pays membres de la Banque.<\/p>\n<p>Quelque $1,186 milliards de dollars suppl\u00e9mentaires ont \u00e9t\u00e9 d\u00e9caiss\u00e9s en faveur des pays membres du Fonds africain de d\u00e9veloppement, avec des approbations en cours.<\/p>\n<p>En mars\u00a0dernier, la Banque africaine de d\u00e9veloppement a \u00e9galement mobilis\u00e9 un montant record de trois milliards de dollars lors de l\u2019introduction de son emprunt obligataire social \u00ab\u00a0Combattre le Covid-19\u00a0\u00bb \u00e0 la Bourse de Londres.<\/p>\n<p>Malgr\u00e9 cette p\u00e9riode difficile de confinement, la Banque est parvenue \u00e0 franchir quelques \u00e9tapes cl\u00e9s majeures, et les agences de notation internationales Fitch et Standard &amp; Poor\u2019s ont confirm\u00e9 la note AAA de l\u2019institution assortie d\u2019une perspective stable.<\/p>\n<p>Lors des Assembl\u00e9es annuelles 2020, les gouverneurs devraient recevoir des informations sur l\u2019\u00e9volution des diverses activit\u00e9s de la Banque depuis l\u2019\u00e9dition 2019 tenue \u00e0 Malabo, en Guin\u00e9e \u00e9quatoriale. Ces informations porteront notamment sur la septi\u00e8me augmentation g\u00e9n\u00e9rale du capital de la Banque, que le Conseil des gouverneurs a approuv\u00e9e le 31 octobre 2019 \u00e0 Abidjan, en C\u00f4te d\u2019Ivoire, et qui a permis d\u2019accro\u00eetre d\u2019un montant historique le capital de la Banque, passant de 115 milliards \u00e0 208 milliards de dollars.<\/p>\n<p>En d\u00e9cembre\u00a02019, les donateurs du Fonds africain de d\u00e9veloppement se sont engag\u00e9s \u00e0 verser 7,6 milliards de dollars dans le cadre de la quinzi\u00e8me reconstitution du capital de la Banque, afin d\u2019aider les pays les plus pauvres d\u2019Afrique.<\/p>\n<p>Le 27 ao\u00fbt\u00a02020, les gouverneurs voteront pour l\u2019\u00e9lection du huiti\u00e8me pr\u00e9sident de la Banque. Akinwumi Adesina, premier citoyen nig\u00e9rian \u00e0 occuper ces fonctions, a \u00e9t\u00e9 \u00e9lu le 28 mai\u00a02015 pour une dur\u00e9e de cinq ans par le Conseil des gouverneurs de la Banque, au cours des Assembl\u00e9es annuelles, qui s\u2019\u00e9taient tenues cette ann\u00e9e-l\u00e0 \u00e0 Abidjan, en C\u00f4te d\u2019Ivoire.<\/p>\n<p>Les gouverneurs de la Banque sont g\u00e9n\u00e9ralement des ministres des Finances et de l\u2019\u00c9conomie ou des gouverneurs de Banque centrale des 54 pays membres de la r\u00e9gion Afrique et des 27 pays membres issus d\u2019autres r\u00e9gions du monde.<\/p>\n<p><em>Distribu\u00e9 par APO Group pour African Development Bank Group (AfDB).<\/em><\/p>\n<p><strong>SOURCE<\/strong><br \/>African Development Bank Group (AfDB)<\/p>\n<\/td>\n<\/tr>\n<\/tbody>\n<\/table>\n<div class=\"wp-post-author-wrap wp-post-author-shortcode left\">\n<h3 class=\"awpa-title\"\/>\n<div class=\"wp-post-author\">\n<div class=\"awpa-img awpa-author-block square\"><a href=\"http:\/\/lexpertjournal.net\/fr\/?author=5\"><img loading=\"lazy\" decoding=\"async\" alt=\"\" src=\"http:\/\/0.gravatar.com\/avatar\/97f8e10a1c1125ba104a76514ee07b16?s=150&amp;d=mm&amp;r=g\" srcset=\"http:\/\/0.gravatar.com\/avatar\/97f8e10a1c1125ba104a76514ee07b16?s=300&amp;d=mm&amp;r=g 2x\" class=\"avatar avatar-150 photo\" height=\"150\" width=\"150\"\/><\/a><\/div>\n<\/div>\n<\/div>\n<aside class=\"mashsb-container mashsb-main mashsb-stretched\">\n<\/aside>\n<p>Auteur: L&rsquo;expert<br \/>\n<a href=\"http:\/\/lexpertjournal.net\/fr\/?p=16322\">Cliquez ici pour lire l&rsquo;article depuis sa source.<\/a><\/p>\n","protected":false},"excerpt":{"rendered":"<p>Le Dialogue des gouverneurs et l\u2019\u00e9lection d\u2019un pr\u00e9sident seront les priorit\u00e9s de l\u2019ordre du jour de ces prochaines Assembl\u00e9es, qui se d\u00e9rouleront les 26 et 27 ao\u00fbt 2020 ABIDJAN, C\u00f4te d\u2019Ivoire, 24 ao\u00fbt 2020\/ \u2014 Pour la premi\u00e8re fois dans l\u2019histoire de la Banque africaine de d\u00e9veloppement (http:\/\/www.AfDB.org), les Assembl\u00e9es annuelles de l\u2019institution auront lieu [&hellip;]<\/p>\n","protected":false},"author":1775,"featured_media":0,"comment_status":"closed","ping_status":"closed","sticky":false,"template":"","format":"standard","meta":{"fifu_image_url":"","fifu_image_alt":"","footnotes":""},"categories":[78,55],"tags":[],"class_list":["post-96651","post","type-post","status-publish","format-standard","hentry","category-economie","category-tunisie"],"_links":{"self":[{"href":"https:\/\/linitiative.ca\/International\/wp-json\/wp\/v2\/posts\/96651","targetHints":{"allow":["GET"]}}],"collection":[{"href":"https:\/\/linitiative.ca\/International\/wp-json\/wp\/v2\/posts"}],"about":[{"href":"https:\/\/linitiative.ca\/International\/wp-json\/wp\/v2\/types\/post"}],"author":[{"embeddable":true,"href":"https:\/\/linitiative.ca\/International\/wp-json\/wp\/v2\/users\/1775"}],"replies":[{"embeddable":true,"href":"https:\/\/linitiative.ca\/International\/wp-json\/wp\/v2\/comments?post=96651"}],"version-history":[{"count":0,"href":"https:\/\/linitiative.ca\/International\/wp-json\/wp\/v2\/posts\/96651\/revisions"}],"wp:attachment":[{"href":"https:\/\/linitiative.ca\/International\/wp-json\/wp\/v2\/media?parent=96651"}],"wp:term":[{"taxonomy":"category","embeddable":true,"href":"https:\/\/linitiative.ca\/International\/wp-json\/wp\/v2\/categories?post=96651"},{"taxonomy":"post_tag","embeddable":true,"href":"https:\/\/linitiative.ca\/International\/wp-json\/wp\/v2\/tags?post=96651"}],"curies":[{"name":"wp","href":"https:\/\/api.w.org\/{rel}","templated":true}]}}