{"id":96652,"date":"2020-08-24T09:18:15","date_gmt":"2020-08-24T13:18:15","guid":{"rendered":"https:\/\/linitiative.ca\/International\/retour-sur-les-concertations-concernant-le-gouvernement-mechichi\/"},"modified":"2020-08-24T09:18:15","modified_gmt":"2020-08-24T13:18:15","slug":"retour-sur-les-concertations-concernant-le-gouvernement-mechichi","status":"publish","type":"post","link":"https:\/\/linitiative.ca\/International\/retour-sur-les-concertations-concernant-le-gouvernement-mechichi\/","title":{"rendered":"Retour sur les concertations concernant le gouvernement Mechichi"},"content":{"rendered":"<p>Midi Show re\u00e7oit, ce lundi 24 ao\u00fbt 2020, Adnen Manser, militant politique et ancien directeur du cabinet pr\u00e9sidentiel, pour parler des r\u00e9sultats des concertations relatives \u00e0 la formation du gouvernement Mechichi.<\/p>\n<p>Plusieurs dirigeants politiques interviendront \u00e9galement dans Midi Show, \u00e0 savoir, Khalil Baroumi, membre du bureau ex\u00e9cutif du Mouvement Ennahdha, Mohamd Arbi Jelassi, du Courant d\u00e9mocrate, Hassouna Nasfi, pr\u00e9sident du bloc parlementaire de la R\u00e9forme nationale, Hatem Mliki, pr\u00e9sident du groupe National, Haykel Mekki, dirigeant au sein du Mouvement du peuple et Mehdi Ben Gharbia de Tahya Tounes, pour revenir sur la prochaine composition du gouvernement.<\/p>\n<p>Vous pouvez suivre l\u2019\u00e9mission en live sur Facebook et Twitter avec le hashtag #MidiShow ou envoyer un mail \u00e0\u00a0studio@mosaiquefm.net.\u00a0Vous pouvez \u00e9galement regarder et suivre nos coulisses sur le compte officiel de MosaiqueFM sur Instagram.<\/p>\n<p><strong>source:mosaiquefm<\/strong><\/p>\n<div class=\"wp-post-author-wrap wp-post-author-shortcode left\">\n<h3 class=\"awpa-title\"\/>\n<div class=\"wp-post-author\">\n<div class=\"awpa-img awpa-author-block square\"><a href=\"http:\/\/lexpertjournal.net\/fr\/?author=5\"><img loading=\"lazy\" decoding=\"async\" alt=\"\" src=\"http:\/\/0.gravatar.com\/avatar\/97f8e10a1c1125ba104a76514ee07b16?s=150&amp;d=mm&amp;r=g\" srcset=\"http:\/\/0.gravatar.com\/avatar\/97f8e10a1c1125ba104a76514ee07b16?s=300&amp;d=mm&amp;r=g 2x\" class=\"avatar avatar-150 photo\" height=\"150\" width=\"150\"\/><\/a><\/div>\n<\/div>\n<\/div>\n<aside class=\"mashsb-container mashsb-main mashsb-stretched\">\n<\/aside>\n<p>Auteur: L&rsquo;expert<br \/>\n<a href=\"http:\/\/lexpertjournal.net\/fr\/?p=16325\">Cliquez ici pour lire l&rsquo;article depuis sa source.<\/a><\/p>\n","protected":false},"excerpt":{"rendered":"<p>Midi Show re\u00e7oit, ce lundi 24 ao\u00fbt 2020, Adnen Manser, militant politique et ancien directeur du cabinet pr\u00e9sidentiel, pour parler des r\u00e9sultats des concertations relatives \u00e0 la formation du gouvernement Mechichi. Plusieurs dirigeants politiques interviendront \u00e9galement dans Midi Show, \u00e0 savoir, Khalil Baroumi, membre du bureau ex\u00e9cutif du Mouvement Ennahdha, Mohamd Arbi Jelassi, du Courant [&hellip;]<\/p>\n","protected":false},"author":1775,"featured_media":0,"comment_status":"closed","ping_status":"closed","sticky":false,"template":"","format":"standard","meta":{"fifu_image_url":"","fifu_image_alt":"","footnotes":""},"categories":[78,55],"tags":[],"class_list":["post-96652","post","type-post","status-publish","format-standard","hentry","category-economie","category-tunisie"],"_links":{"self":[{"href":"https:\/\/linitiative.ca\/International\/wp-json\/wp\/v2\/posts\/96652","targetHints":{"allow":["GET"]}}],"collection":[{"href":"https:\/\/linitiative.ca\/International\/wp-json\/wp\/v2\/posts"}],"about":[{"href":"https:\/\/linitiative.ca\/International\/wp-json\/wp\/v2\/types\/post"}],"author":[{"embeddable":true,"href":"https:\/\/linitiative.ca\/International\/wp-json\/wp\/v2\/users\/1775"}],"replies":[{"embeddable":true,"href":"https:\/\/linitiative.ca\/International\/wp-json\/wp\/v2\/comments?post=96652"}],"version-history":[{"count":0,"href":"https:\/\/linitiative.ca\/International\/wp-json\/wp\/v2\/posts\/96652\/revisions"}],"wp:attachment":[{"href":"https:\/\/linitiative.ca\/International\/wp-json\/wp\/v2\/media?parent=96652"}],"wp:term":[{"taxonomy":"category","embeddable":true,"href":"https:\/\/linitiative.ca\/International\/wp-json\/wp\/v2\/categories?post=96652"},{"taxonomy":"post_tag","embeddable":true,"href":"https:\/\/linitiative.ca\/International\/wp-json\/wp\/v2\/tags?post=96652"}],"curies":[{"name":"wp","href":"https:\/\/api.w.org\/{rel}","templated":true}]}}