{"id":96656,"date":"2020-08-24T10:20:00","date_gmt":"2020-08-24T14:20:00","guid":{"rendered":"https:\/\/linitiative.ca\/International\/sit-in-de-solidarite-avec-drareni-devant-la-maison-de-la-presse\/"},"modified":"2020-08-24T10:20:00","modified_gmt":"2020-08-24T14:20:00","slug":"sit-in-de-solidarite-avec-drareni-devant-la-maison-de-la-presse","status":"publish","type":"post","link":"https:\/\/linitiative.ca\/International\/sit-in-de-solidarite-avec-drareni-devant-la-maison-de-la-presse\/","title":{"rendered":"Sit-in de solidarit\u00e9 avec Drareni devant la maison de la presse"},"content":{"rendered":"<div id=\"originalText\" readability=\"59\">\n<p class=\"c6\">Un rassemblement de soutien et de solidarit\u00e9 avec le journaliste Khaled Drareni s\u2019est tenu, ce lundi, en d\u00e9but d\u2019apr\u00e8s-midi, devant la maison de la presse Tahar Djaout, \u00e0 Alger, afin d\u2019exiger sa lib\u00e9ration imm\u00e9diate et appeler \u00e0 cesser les pressions sur la presse.<\/p>\n<p class=\"c6\">Des dizaines de journalistes, soutenus par de nombreux citoyens, ont ainsi scand\u00e9 \u00ab la libert\u00e9 de la presse \u00bb, \u00ab lib\u00e9rez la presse imm\u00e9diatement ! \u00bb\u2026<\/p>\n<p class=\"c6\">Pour rappel, le fondateur du site \u00e9lectronique Casbah Tribune, d\u00e9tenu depuis le 7 mars \u00e0 la prison de Kolea, est accus\u00e9 d\u2019\u00ab incitation \u00e0 attroupement non arm\u00e9 \u00bb et d\u2019 \u00ab atteinte \u00e0 l\u2019int\u00e9grit\u00e9 nationale \u00bb. Il\u00a0 a \u00e9t\u00e9 condamn\u00e9, le 10 ao\u00fbt dernier, \u00e0 3 ans de prison ferme.<\/p>\n<p class=\"c6\">\u00a0<\/p>\n<p class=\"c7\">\u00a0\u00a0\u00a0\u00a0\u00a0\u00a0\u00a0\u00a0\u00a0\u00a0\u00a0\u00a0\u00a0\u00a0\u00a0\u00a0\u00a0\u00a0\u00a0\u00a0\u00a0\u00a0\u00a0\u00a0\u00a0\u00a0\u00a0\u00a0\u00a0\u00a0\u00a0\u00a0\u00a0\u00a0\u00a0\u00a0\u00a0\u00a0\u00a0\u00a0\u00a0\u00a0\u00a0\u00a0\u00a0\u00a0\u00a0\u00a0\u00a0\u00a0\u00a0\u00a0\u00a0\u00a0\u00a0\u00a0\u00a0\u00a0\u00a0\u00a0\u00a0\u00a0\u00a0\u00a0\u00a0\u00a0\u00a0\u00a0\u00a0\u00a0\u00a0\u00a0\u00a0\u00a0\u00a0\u00a0\u00a0\u00a0\u00a0\u00a0\u00a0\u00a0\u00a0\u00a0\u00a0\u00a0\u00a0\u00a0\u00a0\u00a0\u00a0\u00a0\u00a0\u00a0\u00a0\u00a0\u00a0\u00a0\u00a0\u00a0\u00a0\u00a0\u00a0\u00a0\u00a0\u00a0\u00a0\u00a0\u00a0\u00a0\u00a0\u00a0\u00a0\u00a0\u00a0\u00a0\u00a0\u00a0\u00a0\u00a0\u00a0\u00a0\u00a0\u00a0\u00a0\u00a0\u00a0\u00a0\u00a0\u00a0\u00a0\u00a0\u00a0\u00a0\u00a0\u00a0\u00a0\u00a0\u00a0\u00a0\u00a0\u00a0\u00a0\u00a0\u00a0\u00a0\u00a0\u00a0\u00a0\u00a0\u00a0\u00a0 <strong>Kenza SIFI<\/strong><\/p>\n<\/div>\n<div id=\"text_core\" readability=\"59\">\n<p class=\"c6\">Un rassemblement de soutien et de solidarit\u00e9 avec le journaliste Khaled Drareni s\u2019est tenu, ce lundi, en d\u00e9but d\u2019apr\u00e8s-midi, devant la maison de la presse Tahar Djaout, \u00e0 Alger, afin d\u2019exiger sa lib\u00e9ration imm\u00e9diate et appeler \u00e0 cesser les pressions sur la presse.<\/p>\n<p class=\"c6\">Des dizaines de journalistes, soutenus par de nombreux citoyens, ont ainsi scand\u00e9 \u00ab la libert\u00e9 de la presse \u00bb, \u00ab lib\u00e9rez la presse imm\u00e9diatement ! \u00bb\u2026<\/p>\n<p class=\"c6\">Pour rappel, le fondateur du site \u00e9lectronique Casbah Tribune, d\u00e9tenu depuis le 7 mars \u00e0 la prison de Kolea, est accus\u00e9 d\u2019\u00ab incitation \u00e0 attroupement non arm\u00e9 \u00bb et d\u2019 \u00ab atteinte \u00e0 l\u2019int\u00e9grit\u00e9 nationale \u00bb. Il\u00a0 a \u00e9t\u00e9 condamn\u00e9, le 10 ao\u00fbt dernier, \u00e0 3 ans de prison ferme.<\/p>\n<p class=\"c6\">\u00a0<\/p>\n<p class=\"c7\">\u00a0\u00a0\u00a0\u00a0\u00a0\u00a0\u00a0\u00a0\u00a0\u00a0\u00a0\u00a0\u00a0\u00a0\u00a0\u00a0\u00a0\u00a0\u00a0\u00a0\u00a0\u00a0\u00a0\u00a0\u00a0\u00a0\u00a0\u00a0\u00a0\u00a0\u00a0\u00a0\u00a0\u00a0\u00a0\u00a0\u00a0\u00a0\u00a0\u00a0\u00a0\u00a0\u00a0\u00a0\u00a0\u00a0\u00a0\u00a0\u00a0\u00a0\u00a0\u00a0\u00a0\u00a0\u00a0\u00a0\u00a0\u00a0\u00a0\u00a0\u00a0\u00a0\u00a0\u00a0\u00a0\u00a0\u00a0\u00a0\u00a0\u00a0\u00a0\u00a0\u00a0\u00a0\u00a0\u00a0\u00a0\u00a0\u00a0\u00a0\u00a0\u00a0\u00a0\u00a0\u00a0\u00a0\u00a0\u00a0\u00a0\u00a0\u00a0\u00a0\u00a0\u00a0\u00a0\u00a0\u00a0\u00a0\u00a0\u00a0\u00a0\u00a0\u00a0\u00a0\u00a0\u00a0\u00a0\u00a0\u00a0\u00a0\u00a0\u00a0\u00a0\u00a0\u00a0\u00a0\u00a0\u00a0\u00a0\u00a0\u00a0\u00a0\u00a0\u00a0\u00a0\u00a0\u00a0\u00a0\u00a0\u00a0\u00a0\u00a0\u00a0\u00a0\u00a0\u00a0\u00a0\u00a0\u00a0\u00a0\u00a0\u00a0\u00a0\u00a0\u00a0\u00a0\u00a0\u00a0\u00a0\u00a0\u00a0\u00a0 <strong>Kenza SIFI<\/strong><\/p>\n<\/div>\n<p>Auteur:<br \/>\n<a href=\"https:\/\/www.liberte-algerie.com\/actualite\/sit-in-de-solidarite-avec-drareni-devant-la-maison-de-la-presse-344339\">Cliquez ici pour lire l&rsquo;article depuis sa source.<\/a><\/p>\n","protected":false},"excerpt":{"rendered":"<p>Un rassemblement de soutien et de solidarit\u00e9 avec le journaliste Khaled Drareni s\u2019est tenu, ce lundi, en d\u00e9but d\u2019apr\u00e8s-midi, devant la maison de la presse Tahar Djaout, \u00e0 Alger, afin d\u2019exiger sa lib\u00e9ration imm\u00e9diate et appeler \u00e0 cesser les pressions sur la presse. Des dizaines de journalistes, soutenus par de nombreux citoyens, ont ainsi scand\u00e9 [&hellip;]<\/p>\n","protected":false},"author":1742,"featured_media":0,"comment_status":"closed","ping_status":"closed","sticky":false,"template":"","format":"standard","meta":{"fifu_image_url":"","fifu_image_alt":"","footnotes":""},"categories":[73,53],"tags":[],"class_list":["post-96656","post","type-post","status-publish","format-standard","hentry","category-actualite","category-algerie"],"_links":{"self":[{"href":"https:\/\/linitiative.ca\/International\/wp-json\/wp\/v2\/posts\/96656","targetHints":{"allow":["GET"]}}],"collection":[{"href":"https:\/\/linitiative.ca\/International\/wp-json\/wp\/v2\/posts"}],"about":[{"href":"https:\/\/linitiative.ca\/International\/wp-json\/wp\/v2\/types\/post"}],"author":[{"embeddable":true,"href":"https:\/\/linitiative.ca\/International\/wp-json\/wp\/v2\/users\/1742"}],"replies":[{"embeddable":true,"href":"https:\/\/linitiative.ca\/International\/wp-json\/wp\/v2\/comments?post=96656"}],"version-history":[{"count":0,"href":"https:\/\/linitiative.ca\/International\/wp-json\/wp\/v2\/posts\/96656\/revisions"}],"wp:attachment":[{"href":"https:\/\/linitiative.ca\/International\/wp-json\/wp\/v2\/media?parent=96656"}],"wp:term":[{"taxonomy":"category","embeddable":true,"href":"https:\/\/linitiative.ca\/International\/wp-json\/wp\/v2\/categories?post=96656"},{"taxonomy":"post_tag","embeddable":true,"href":"https:\/\/linitiative.ca\/International\/wp-json\/wp\/v2\/tags?post=96656"}],"curies":[{"name":"wp","href":"https:\/\/api.w.org\/{rel}","templated":true}]}}