{"id":96664,"date":"2020-08-24T08:47:02","date_gmt":"2020-08-24T12:47:02","guid":{"rendered":"https:\/\/linitiative.ca\/International\/campagne-de-depistage-massif-au-sein-de-marjane\/"},"modified":"2020-08-24T08:47:02","modified_gmt":"2020-08-24T12:47:02","slug":"campagne-de-depistage-massif-au-sein-de-marjane","status":"publish","type":"post","link":"https:\/\/linitiative.ca\/International\/campagne-de-depistage-massif-au-sein-de-marjane\/","title":{"rendered":"Campagne de d\u00e9pistage massif au sein de Marjane"},"content":{"rendered":"<div class=\"single-featured\"><img alt=\"\" data-src=\"http:\/\/www.mapmarrakech.ma\/map\/uploads\/2020\/08\/Marjane-copier.jpg\"\/><\/div>\n<div class=\"single-post-excerpt post-excerpt-bc\" readability=\"33\">\n<p>Marrakech \u2013 Le groupe Marjane a pris la d\u00e9cision de fermer pour quelques heures deux de ses hypermarch\u00e9s \u00e0 Marrakech.<\/p>\n<\/div>\n<div class=\"entry-content clearfix single-post-content\" readability=\"65\">\n<p>Cette mesure a \u00e9t\u00e9 prise dans le cadre de la campagne de test \u00e0 grande \u00e9chelle qu\u2019il a lanc\u00e9 le 1er ao\u00fbt \u00e0 titre pr\u00e9ventif.<\/p>\n<p>En effet, en ces moments o\u00f9 l\u2019\u00e9pid\u00e9mie est en recrudescence, le groupe Marjane fait reposer sa strat\u00e9gie de lutte contre la pand\u00e9mie sur un programme volontariste et g\u00e9n\u00e9ralis\u00e9 de d\u00e9pistage de ses collaborateurs qu\u2019il a lanc\u00e9 d\u00e9but ao\u00fbt, et qu\u2019il finance.<\/p>\n<p>Le groupe a r\u00e9alis\u00e9 une campagne pr\u00e9ventive de plus de 10.000 tests PCR pour ses collaborateurs, en priorisant les villes d\u00e9finies comme sensibles par les autorit\u00e9s. Les collaborateurs d\u2019un magasin sont exhaustivement test\u00e9s afin d\u2019identifier les cas positifs que nous savons maintenant \u00eatre pour la plupart asymptomatiques.<\/p>\n<p>Suite \u00e0 ces premiers tests, la conduite de tests suppl\u00e9mentaires ou la mise en place de mesures peuvent mener jusqu\u2019\u00e0 la d\u00e9cision de fermer au public provisoirement un magasin, pour le rouvrir dans les meilleures conditions sanitaires.<\/p>\n<p>\u00ab\u00a0Le test est un instrument barri\u00e8re qui permet, en isolant les cas positifs, d\u2019emp\u00eacher la diffusion du<\/p>\n<p>virus. Nous devons contribuer \u00e0 limiter la propagation de la pand\u00e9mie dans la soci\u00e9t\u00e9 et garantir \u00e0 nos collaborateurs et nos clients les meilleures conditions sanitaires. Nous avons donc d\u00e9cid\u00e9 d\u2019utiliser massivement et volontairement les tests PCR. Plus de 10 000 tests du 1er au 20 ao\u00fbt, c\u2019est cons\u00e9quent\u2026 Mais d\u2019autres encore devront suivre r\u00e9guli\u00e8rement dans le cadre de cette lutte que tout le pays m\u00e8ne mais qui concerne les grandes surfaces de mani\u00e8re particuli\u00e8re\u00a0\u00bb, a soulign\u00e9 le PDG du groupe Marjane, \u00a0Azami Ayoub.<\/p>\n<\/div>\n<p>Auteur: Meriem IGASS<br \/>\n<a href=\"http:\/\/www.mapmarrakech.ma\/fr\/campagne-de-depistage-massif-au-sein-de-marjane\/\">Cliquez ici pour lire l&rsquo;article depuis sa source.<\/a><\/p>\n","protected":false},"excerpt":{"rendered":"<p>Marrakech \u2013 Le groupe Marjane a pris la d\u00e9cision de fermer pour quelques heures deux de ses hypermarch\u00e9s \u00e0 Marrakech. Cette mesure a \u00e9t\u00e9 prise dans le cadre de la campagne de test \u00e0 grande \u00e9chelle qu\u2019il a lanc\u00e9 le 1er ao\u00fbt \u00e0 titre pr\u00e9ventif. En effet, en ces moments o\u00f9 l\u2019\u00e9pid\u00e9mie est en recrudescence, [&hellip;]<\/p>\n","protected":false},"author":1788,"featured_media":96665,"comment_status":"closed","ping_status":"closed","sticky":false,"template":"","format":"standard","meta":{"fifu_image_url":"","fifu_image_alt":"","footnotes":""},"categories":[54,76],"tags":[],"class_list":["post-96664","post","type-post","status-publish","format-standard","has-post-thumbnail","hentry","category-maroc","category-regions"],"_links":{"self":[{"href":"https:\/\/linitiative.ca\/International\/wp-json\/wp\/v2\/posts\/96664","targetHints":{"allow":["GET"]}}],"collection":[{"href":"https:\/\/linitiative.ca\/International\/wp-json\/wp\/v2\/posts"}],"about":[{"href":"https:\/\/linitiative.ca\/International\/wp-json\/wp\/v2\/types\/post"}],"author":[{"embeddable":true,"href":"https:\/\/linitiative.ca\/International\/wp-json\/wp\/v2\/users\/1788"}],"replies":[{"embeddable":true,"href":"https:\/\/linitiative.ca\/International\/wp-json\/wp\/v2\/comments?post=96664"}],"version-history":[{"count":0,"href":"https:\/\/linitiative.ca\/International\/wp-json\/wp\/v2\/posts\/96664\/revisions"}],"wp:featuredmedia":[{"embeddable":true,"href":"https:\/\/linitiative.ca\/International\/wp-json\/"}],"wp:attachment":[{"href":"https:\/\/linitiative.ca\/International\/wp-json\/wp\/v2\/media?parent=96664"}],"wp:term":[{"taxonomy":"category","embeddable":true,"href":"https:\/\/linitiative.ca\/International\/wp-json\/wp\/v2\/categories?post=96664"},{"taxonomy":"post_tag","embeddable":true,"href":"https:\/\/linitiative.ca\/International\/wp-json\/wp\/v2\/tags?post=96664"}],"curies":[{"name":"wp","href":"https:\/\/api.w.org\/{rel}","templated":true}]}}