{"id":96678,"date":"2020-08-24T15:13:22","date_gmt":"2020-08-24T19:13:22","guid":{"rendered":"https:\/\/linitiative.ca\/International\/ligue-des-champions-psg-al-khelaifi-on-va-la-gagner\/"},"modified":"2020-08-24T15:13:22","modified_gmt":"2020-08-24T19:13:22","slug":"ligue-des-champions-psg-al-khelaifi-on-va-la-gagner","status":"publish","type":"post","link":"https:\/\/linitiative.ca\/International\/ligue-des-champions-psg-al-khelaifi-on-va-la-gagner\/","title":{"rendered":"Ligue des Champions : PSG &#8211; Al Khela\u00effi: \u00ab\u00a0on va la gagner\u00a0\u00bb"},"content":{"rendered":"<div readability=\"32\">\n<p>Auteur : <span class=\"time\">dimanche 23 ao\u00fbt 2020 22:47<\/span><\/p>\n<\/div>\n<div id=\"post_core\" readability=\"42\">\n<p>Battu en finale de la Ligue des Champions par le Bayern Munich (0-1), ce dimanche, le Paris Saint-Germain est tomb\u00e9 sur plus fort. D\u00e9\u00e7u par le r\u00e9sultat, le pr\u00e9sident Nasser Al Khela\u00effi ne s&rsquo;avoue pas vaincu et esp\u00e8re revenir d\u00e8s la saison prochaine: \u00ab\u00a0On est tristes. On a fait beaucoup de choses positives cette saison. On est arriv\u00e9 en finale. On aurait pu marquer 2-3 buts. C&rsquo;\u00e9tait un match serr\u00e9. On a perdu, mais on sait que la Ligue des Champions n&rsquo;est pas une comp\u00e9tition facile. Je suis fier de mes joueurs. On a fait un grand tournoi. On a \u00e9t\u00e9 proches de gagner. C&rsquo;est le football. Il faut l&rsquo;accepter et travailler pour la saison prochaine pour la gagner. On y croit encore plus qu&rsquo;avant. Je vous promets qu&rsquo;on va la gagner cette Ligue des Champions\u00a0\u00bb, a soutenu le dirigeant qatari pour RMC Sport 1 et comme rapport\u00e9 par Maxifoot.fr.<\/p>\n<p><strong>Publi\u00e9 dans :<\/strong> <span>Al Khela\u00effi<\/span><\/p>\n<\/div>\n<p>Auteur:<br \/>\n<a href=\"http:\/\/www.lebuteur.com\/article\/detail?titre=psg-al-khelaifi-on-va-la-gagner&#038;id=97028&#038;utm_source=feedburner&#038;utm_medium=feed&#038;utm_campaign=Feed%3A+GalerieFArtciles+%28Les+derniers+articles++-+lebuteur.com%29\">Cliquez ici pour lire l&rsquo;article depuis sa source.<\/a><\/p>\n","protected":false},"excerpt":{"rendered":"<p>Auteur : dimanche 23 ao\u00fbt 2020 22:47 Battu en finale de la Ligue des Champions par le Bayern Munich (0-1), ce dimanche, le Paris Saint-Germain est tomb\u00e9 sur plus fort. D\u00e9\u00e7u par le r\u00e9sultat, le pr\u00e9sident Nasser Al Khela\u00effi ne s&rsquo;avoue pas vaincu et esp\u00e8re revenir d\u00e8s la saison prochaine: \u00ab\u00a0On est tristes. On a [&hellip;]<\/p>\n","protected":false},"author":1738,"featured_media":96679,"comment_status":"closed","ping_status":"closed","sticky":false,"template":"","format":"standard","meta":{"fifu_image_url":"","fifu_image_alt":"","footnotes":""},"categories":[53,75],"tags":[],"class_list":["post-96678","post","type-post","status-publish","format-standard","has-post-thumbnail","hentry","category-algerie","category-sport"],"_links":{"self":[{"href":"https:\/\/linitiative.ca\/International\/wp-json\/wp\/v2\/posts\/96678","targetHints":{"allow":["GET"]}}],"collection":[{"href":"https:\/\/linitiative.ca\/International\/wp-json\/wp\/v2\/posts"}],"about":[{"href":"https:\/\/linitiative.ca\/International\/wp-json\/wp\/v2\/types\/post"}],"author":[{"embeddable":true,"href":"https:\/\/linitiative.ca\/International\/wp-json\/wp\/v2\/users\/1738"}],"replies":[{"embeddable":true,"href":"https:\/\/linitiative.ca\/International\/wp-json\/wp\/v2\/comments?post=96678"}],"version-history":[{"count":0,"href":"https:\/\/linitiative.ca\/International\/wp-json\/wp\/v2\/posts\/96678\/revisions"}],"wp:featuredmedia":[{"embeddable":true,"href":"https:\/\/linitiative.ca\/International\/wp-json\/"}],"wp:attachment":[{"href":"https:\/\/linitiative.ca\/International\/wp-json\/wp\/v2\/media?parent=96678"}],"wp:term":[{"taxonomy":"category","embeddable":true,"href":"https:\/\/linitiative.ca\/International\/wp-json\/wp\/v2\/categories?post=96678"},{"taxonomy":"post_tag","embeddable":true,"href":"https:\/\/linitiative.ca\/International\/wp-json\/wp\/v2\/tags?post=96678"}],"curies":[{"name":"wp","href":"https:\/\/api.w.org\/{rel}","templated":true}]}}