{"id":96680,"date":"2020-08-24T15:13:25","date_gmt":"2020-08-24T19:13:25","guid":{"rendered":"https:\/\/linitiative.ca\/International\/international-abidal-voulait-rayan-ait-nouri-au-barca\/"},"modified":"2020-08-24T15:13:25","modified_gmt":"2020-08-24T19:13:25","slug":"international-abidal-voulait-rayan-ait-nouri-au-barca","status":"publish","type":"post","link":"https:\/\/linitiative.ca\/International\/international-abidal-voulait-rayan-ait-nouri-au-barca\/","title":{"rendered":"International : Abidal voulait Rayan A\u00eft-Nouri au Bar\u00e7a"},"content":{"rendered":"<div readability=\"32\">\n<p>Auteur : <span class=\"time\">lundi 24 ao\u00fbt 2020 08:08<\/span><\/p>\n<\/div>\n<div id=\"post_core\" readability=\"45\">\n<p>Le FC Barcelone s&rsquo;est notamment pench\u00e9 sur le cas du joueur franco-alg\u00e9rien, et plus pr\u00e9cis\u00e9ment Eric Abidal. A la recherche d&rsquo;une doublure pour Jordi Alba, l&rsquo;ancien secr\u00e9taire technique barcelonais avait fait de l&rsquo;Angevin sa priorit\u00e9, explique L&rsquo;Equipe comme rapport\u00e9 par Maxifoot.<\/p>\n<p>Le d\u00e9part d&rsquo;Abidal va sans doute tout changer. Wolverhampton, o\u00f9 l&rsquo;influence de son agent Jorge Mendes est forte, et l&rsquo;Atletico Madrid sont \u00e9voqu\u00e9es parmi les destinations possibles. Le SCO attend pr\u00e8s de 30 millions d&rsquo;euros pour c\u00e9der le natif de Montreuil.<\/p>\n<p><strong>Publi\u00e9 dans :<\/strong> <span>fc barcelone<\/span><\/p>\n<\/div>\n<p>Auteur:<br \/>\n<a href=\"http:\/\/www.lebuteur.com\/article\/detail?titre=abidal-voulait-rayan-ait-nouri-au-barca&#038;id=97029&#038;utm_source=feedburner&#038;utm_medium=feed&#038;utm_campaign=Feed%3A+GalerieFArtciles+%28Les+derniers+articles++-+lebuteur.com%29\">Cliquez ici pour lire l&rsquo;article depuis sa source.<\/a><\/p>\n","protected":false},"excerpt":{"rendered":"<p>Auteur : lundi 24 ao\u00fbt 2020 08:08 Le FC Barcelone s&rsquo;est notamment pench\u00e9 sur le cas du joueur franco-alg\u00e9rien, et plus pr\u00e9cis\u00e9ment Eric Abidal. A la recherche d&rsquo;une doublure pour Jordi Alba, l&rsquo;ancien secr\u00e9taire technique barcelonais avait fait de l&rsquo;Angevin sa priorit\u00e9, explique L&rsquo;Equipe comme rapport\u00e9 par Maxifoot. Le d\u00e9part d&rsquo;Abidal va sans doute tout [&hellip;]<\/p>\n","protected":false},"author":1738,"featured_media":96681,"comment_status":"closed","ping_status":"closed","sticky":false,"template":"","format":"standard","meta":{"fifu_image_url":"","fifu_image_alt":"","footnotes":""},"categories":[53,75],"tags":[],"class_list":["post-96680","post","type-post","status-publish","format-standard","has-post-thumbnail","hentry","category-algerie","category-sport"],"_links":{"self":[{"href":"https:\/\/linitiative.ca\/International\/wp-json\/wp\/v2\/posts\/96680","targetHints":{"allow":["GET"]}}],"collection":[{"href":"https:\/\/linitiative.ca\/International\/wp-json\/wp\/v2\/posts"}],"about":[{"href":"https:\/\/linitiative.ca\/International\/wp-json\/wp\/v2\/types\/post"}],"author":[{"embeddable":true,"href":"https:\/\/linitiative.ca\/International\/wp-json\/wp\/v2\/users\/1738"}],"replies":[{"embeddable":true,"href":"https:\/\/linitiative.ca\/International\/wp-json\/wp\/v2\/comments?post=96680"}],"version-history":[{"count":0,"href":"https:\/\/linitiative.ca\/International\/wp-json\/wp\/v2\/posts\/96680\/revisions"}],"wp:featuredmedia":[{"embeddable":true,"href":"https:\/\/linitiative.ca\/International\/wp-json\/"}],"wp:attachment":[{"href":"https:\/\/linitiative.ca\/International\/wp-json\/wp\/v2\/media?parent=96680"}],"wp:term":[{"taxonomy":"category","embeddable":true,"href":"https:\/\/linitiative.ca\/International\/wp-json\/wp\/v2\/categories?post=96680"},{"taxonomy":"post_tag","embeddable":true,"href":"https:\/\/linitiative.ca\/International\/wp-json\/wp\/v2\/tags?post=96680"}],"curies":[{"name":"wp","href":"https:\/\/api.w.org\/{rel}","templated":true}]}}